{"id":15874,"date":"2019-01-11T14:34:49","date_gmt":"2019-01-11T14:34:49","guid":{"rendered":"https:\/\/sertv.gob.pa\/crisolfm\/?p=15874"},"modified":"2019-01-11T14:34:49","modified_gmt":"2019-01-11T14:34:49","slug":"los-girasoles-de-van-gogh-recuperaran-su-esplendor-en-6-semanas","status":"publish","type":"post","link":"https:\/\/sertv.gob.pa\/crisolfm\/los-girasoles-de-van-gogh-recuperaran-su-esplendor-en-6-semanas\/","title":{"rendered":"\u201cLos girasoles\u201d de Van Gogh recuperar\u00e1n su esplendor en 6 semanas"},"content":{"rendered":"<p>El c\u00e9lebre lienzo \u00ab<strong>Los Girasoles<\/strong>\u00bb, del pintor holand\u00e9s <a href=\"https:\/\/www.abc.es\/cultura\/arte\/abci-gogh-estrella-pistoletazo-salida-temporada-grandes-subastas-arte-201811121059_noticia.html\" target=\"_blank\" rel=\"noopener\">Vincent van Gogh<\/a>, ser\u00e1 trasladado al estudio del museo del artista en Amsterdam para ser sometido a una breve restauraci\u00f3n e investigaci\u00f3n, y volver\u00e1 a exponerse dentro de seis semanas. La pinacoteca dedicada al impresionista explic\u00f3 en un comunicado que durante ese periodo tambi\u00e9n se completar\u00e1 la fase final de una investigaci\u00f3n exhaustiva que se est\u00e1 llevando a cabo sobre la condici\u00f3n de esta obra. \u00abLa pintura se restaurar\u00e1 <strong>para garantizar su conservaci\u00f3n <\/strong>para las generaciones futuras de la mejor manera posible. \u00abLos Girasoles\u00bb volver\u00e1 a exhibirse en el museo de Amsterdam el viernes 22 de febrero\u00bb, agreg\u00f3 el museo.<\/p>\n<p><strong>La restauraci\u00f3n ser\u00e1 \u00ablimitada\u00bb<\/strong>, lo que explica el corto periodo de tiempo durante el cual la obra estar\u00e1 fuera de exposici\u00f3n, aunque el museo dice que informar\u00e1 m\u00e1s tarde de los trabajos exactos que llevar\u00e1 a cabo en este lienzo. Un equipo internacional ha estado inspeccionando durante los \u00faltimos a\u00f1os el estado de la obra, que Van Gogh pint\u00f3 en 1889, y se espera que esta tambi\u00e9n sea la \u00faltima fase del an\u00e1lisis. <a href=\"https:\/\/www.abc.es\/cultura\/arte\/abci-gogh-greco-y-otros-artistas-murieron-pobreza-201807050625_noticia.html\" target=\"_blank\" rel=\"noopener\">Van Gogh <\/a>hizo cinco cuadros de girasoles cuando se march\u00f3 en 1888 a Par\u00eds para pintar el paisaje soleado del sur de Francia.<\/p>\n<p>EFE<\/p>\n","protected":false},"excerpt":{"rendered":"<p>El c\u00e9lebre lienzo \u00abLos Girasoles\u00bb, del pintor holand\u00e9s Vincent van <a href=\"https:\/\/sertv.gob.pa\/crisolfm\/los-girasoles-de-van-gogh-recuperaran-su-esplendor-en-6-semanas\/\"> [&#8230;]<\/a><\/p>\n","protected":false},"author":64,"featured_media":15876,"comment_status":"closed","ping_status":"closed","sticky":false,"template":"","format":"standard","meta":{"footnotes":""},"categories":[6],"tags":[],"class_list":["post-15874","post","type-post","status-publish","format-standard","has-post-thumbnail","hentry","category-culturales"],"_links":{"self":[{"href":"https:\/\/sertv.gob.pa\/crisolfm\/wp-json\/wp\/v2\/posts\/15874","targetHints":{"allow":["GET"]}}],"collection":[{"href":"https:\/\/sertv.gob.pa\/crisolfm\/wp-json\/wp\/v2\/posts"}],"about":[{"href":"https:\/\/sertv.gob.pa\/crisolfm\/wp-json\/wp\/v2\/types\/post"}],"author":[{"embeddable":true,"href":"https:\/\/sertv.gob.pa\/crisolfm\/wp-json\/wp\/v2\/users\/64"}],"replies":[{"embeddable":true,"href":"https:\/\/sertv.gob.pa\/crisolfm\/wp-json\/wp\/v2\/comments?post=15874"}],"version-history":[{"count":1,"href":"https:\/\/sertv.gob.pa\/crisolfm\/wp-json\/wp\/v2\/posts\/15874\/revisions"}],"predecessor-version":[{"id":15877,"href":"https:\/\/sertv.gob.pa\/crisolfm\/wp-json\/wp\/v2\/posts\/15874\/revisions\/15877"}],"wp:featuredmedia":[{"embeddable":true,"href":"https:\/\/sertv.gob.pa\/crisolfm\/wp-json\/wp\/v2\/media\/15876"}],"wp:attachment":[{"href":"https:\/\/sertv.gob.pa\/crisolfm\/wp-json\/wp\/v2\/media?parent=15874"}],"wp:term":[{"taxonomy":"category","embeddable":true,"href":"https:\/\/sertv.gob.pa\/crisolfm\/wp-json\/wp\/v2\/categories?post=15874"},{"taxonomy":"post_tag","embeddable":true,"href":"https:\/\/sertv.gob.pa\/crisolfm\/wp-json\/wp\/v2\/tags?post=15874"}],"curies":[{"name":"wp","href":"https:\/\/api.w.org\/{rel}","templated":true}]}}