{"id":15884,"date":"2019-01-14T12:36:46","date_gmt":"2019-01-14T12:36:46","guid":{"rendered":"https:\/\/sertv.gob.pa\/crisolfm\/?p=15884"},"modified":"2019-01-14T12:36:46","modified_gmt":"2019-01-14T12:36:46","slug":"rosa-iveth-montezuma-tambien-llevara-cultura-de-panama-al-carnaval-de-rio","status":"publish","type":"post","link":"https:\/\/sertv.gob.pa\/crisolfm\/rosa-iveth-montezuma-tambien-llevara-cultura-de-panama-al-carnaval-de-rio\/","title":{"rendered":"Rosa Iveth Montezuma tambi\u00e9n llevar\u00e1 cultura de Panam\u00e1 al carnaval de R\u00edo"},"content":{"rendered":"<p>Decir R\u00edo de Janeiro, Brasil, en esta \u00e9poca del a\u00f1o 2019 es hablar de Carnaval, uno de los espect\u00e1culos m\u00e1s grandes de Am\u00e9rica y una de las mayores manifestaciones de la cultura carioca, que llena de m\u00fasica y color las calles de la ciudad durante una semana y que tiene como punto culminante los espectaculares desfiles de las Escuelas de Samba, en el Samb\u00f3dromo.<\/p>\n<p>El representante de la escuela Est\u00e1cio de S\u00e1, primera escuela de samba de Brasil, Henrique de Oliveira, estuvo en Panam\u00e1 y confirm\u00f3 que la Se\u00f1orita Panam\u00e1 Universo, Rosa Iveth Montezuma, ser\u00e1 una de las delegadas culturales que participar\u00e1 en este magno evento. Igualmente, este a\u00f1o la academia escogi\u00f3 a Erika Ender como figura de destaque y embajadora cultural del desfile, que se efectuar\u00e1 el d\u00eda 2 de marzo en R\u00edo, que celebrar\u00e1 la fe y devoci\u00f3n al Cristo Negro de Portobelo.<\/p>\n<p>&nbsp;<\/p>\n","protected":false},"excerpt":{"rendered":"<p>Decir R\u00edo de Janeiro, Brasil, en esta \u00e9poca del a\u00f1o <a href=\"https:\/\/sertv.gob.pa\/crisolfm\/rosa-iveth-montezuma-tambien-llevara-cultura-de-panama-al-carnaval-de-rio\/\"> [&#8230;]<\/a><\/p>\n","protected":false},"author":64,"featured_media":15886,"comment_status":"closed","ping_status":"closed","sticky":false,"template":"","format":"standard","meta":{"footnotes":""},"categories":[6],"tags":[],"class_list":["post-15884","post","type-post","status-publish","format-standard","has-post-thumbnail","hentry","category-culturales"],"_links":{"self":[{"href":"https:\/\/sertv.gob.pa\/crisolfm\/wp-json\/wp\/v2\/posts\/15884","targetHints":{"allow":["GET"]}}],"collection":[{"href":"https:\/\/sertv.gob.pa\/crisolfm\/wp-json\/wp\/v2\/posts"}],"about":[{"href":"https:\/\/sertv.gob.pa\/crisolfm\/wp-json\/wp\/v2\/types\/post"}],"author":[{"embeddable":true,"href":"https:\/\/sertv.gob.pa\/crisolfm\/wp-json\/wp\/v2\/users\/64"}],"replies":[{"embeddable":true,"href":"https:\/\/sertv.gob.pa\/crisolfm\/wp-json\/wp\/v2\/comments?post=15884"}],"version-history":[{"count":1,"href":"https:\/\/sertv.gob.pa\/crisolfm\/wp-json\/wp\/v2\/posts\/15884\/revisions"}],"predecessor-version":[{"id":15887,"href":"https:\/\/sertv.gob.pa\/crisolfm\/wp-json\/wp\/v2\/posts\/15884\/revisions\/15887"}],"wp:featuredmedia":[{"embeddable":true,"href":"https:\/\/sertv.gob.pa\/crisolfm\/wp-json\/wp\/v2\/media\/15886"}],"wp:attachment":[{"href":"https:\/\/sertv.gob.pa\/crisolfm\/wp-json\/wp\/v2\/media?parent=15884"}],"wp:term":[{"taxonomy":"category","embeddable":true,"href":"https:\/\/sertv.gob.pa\/crisolfm\/wp-json\/wp\/v2\/categories?post=15884"},{"taxonomy":"post_tag","embeddable":true,"href":"https:\/\/sertv.gob.pa\/crisolfm\/wp-json\/wp\/v2\/tags?post=15884"}],"curies":[{"name":"wp","href":"https:\/\/api.w.org\/{rel}","templated":true}]}}