{"id":15892,"date":"2019-01-14T13:04:30","date_gmt":"2019-01-14T13:04:30","guid":{"rendered":"https:\/\/sertv.gob.pa\/crisolfm\/?p=15892"},"modified":"2019-01-14T13:04:30","modified_gmt":"2019-01-14T13:04:30","slug":"los-libros-que-llegan-en-2019","status":"publish","type":"post","link":"https:\/\/sertv.gob.pa\/crisolfm\/los-libros-que-llegan-en-2019\/","title":{"rendered":"Los libros que llegan en 2019"},"content":{"rendered":"<p>La librer\u00eda El Hombre de la Macha ha presentado su listado de algunas de las novedades literarias de este a\u00f1o:\u00a0 En tiempos de la Jornada Mundial de la Juventud (JMJ), la librer\u00eda presenta varios t\u00edtulos sobre la vida del papa Francisco. \u00bfQui\u00e9n soy yo para juzgar? (Origen) expone reflexiones propias del santo padre. Caminar con Jes\u00fas: La esencia de la vida cristiana, un libro que ofrece el testimonio del papa y brinda a sus lectores herramientas pr\u00e1cticas cargadas de sabidur\u00eda, para vivir en el mundo de hoy y evitar tanto el agobio \u2018por el consumo como la amenaza de la indiferencia&#8217;.<\/p>\n<p>En el orden nacional, nuestra escritora Maritere Lee, autora de Una cita contigo misma, publicar\u00e1 la continuaci\u00f3n de esa historia, bajo sello internacional Grupo Editorial Sin Frontera, aunque abordando temas complementarios. Por su parte, la escritora de novela hist\u00f3rica Thatiana Pretelt se aventura en su tercer libro dando gira a la tem\u00e1tica de suspense con su nueva novela La esp\u00eda en el tiempo.<\/p>\n<p>&nbsp;<\/p>\n","protected":false},"excerpt":{"rendered":"<p>La librer\u00eda El Hombre de la Macha ha presentado su <a href=\"https:\/\/sertv.gob.pa\/crisolfm\/los-libros-que-llegan-en-2019\/\"> [&#8230;]<\/a><\/p>\n","protected":false},"author":64,"featured_media":15894,"comment_status":"closed","ping_status":"closed","sticky":false,"template":"","format":"standard","meta":{"footnotes":""},"categories":[6],"tags":[],"class_list":["post-15892","post","type-post","status-publish","format-standard","has-post-thumbnail","hentry","category-culturales"],"_links":{"self":[{"href":"https:\/\/sertv.gob.pa\/crisolfm\/wp-json\/wp\/v2\/posts\/15892","targetHints":{"allow":["GET"]}}],"collection":[{"href":"https:\/\/sertv.gob.pa\/crisolfm\/wp-json\/wp\/v2\/posts"}],"about":[{"href":"https:\/\/sertv.gob.pa\/crisolfm\/wp-json\/wp\/v2\/types\/post"}],"author":[{"embeddable":true,"href":"https:\/\/sertv.gob.pa\/crisolfm\/wp-json\/wp\/v2\/users\/64"}],"replies":[{"embeddable":true,"href":"https:\/\/sertv.gob.pa\/crisolfm\/wp-json\/wp\/v2\/comments?post=15892"}],"version-history":[{"count":1,"href":"https:\/\/sertv.gob.pa\/crisolfm\/wp-json\/wp\/v2\/posts\/15892\/revisions"}],"predecessor-version":[{"id":15895,"href":"https:\/\/sertv.gob.pa\/crisolfm\/wp-json\/wp\/v2\/posts\/15892\/revisions\/15895"}],"wp:featuredmedia":[{"embeddable":true,"href":"https:\/\/sertv.gob.pa\/crisolfm\/wp-json\/wp\/v2\/media\/15894"}],"wp:attachment":[{"href":"https:\/\/sertv.gob.pa\/crisolfm\/wp-json\/wp\/v2\/media?parent=15892"}],"wp:term":[{"taxonomy":"category","embeddable":true,"href":"https:\/\/sertv.gob.pa\/crisolfm\/wp-json\/wp\/v2\/categories?post=15892"},{"taxonomy":"post_tag","embeddable":true,"href":"https:\/\/sertv.gob.pa\/crisolfm\/wp-json\/wp\/v2\/tags?post=15892"}],"curies":[{"name":"wp","href":"https:\/\/api.w.org\/{rel}","templated":true}]}}