{"id":15930,"date":"2019-01-14T16:22:16","date_gmt":"2019-01-14T16:22:16","guid":{"rendered":"https:\/\/sertv.gob.pa\/crisolfm\/?p=15930"},"modified":"2019-01-14T16:22:16","modified_gmt":"2019-01-14T16:22:16","slug":"hoy-inicia-el-panama-jazz-festival","status":"publish","type":"post","link":"https:\/\/sertv.gob.pa\/crisolfm\/hoy-inicia-el-panama-jazz-festival\/","title":{"rendered":"Hoy inicia el Panam\u00e1 Jazz Festival"},"content":{"rendered":"<p>Comienza hoy el evento m\u00e1s esperado del verano, el Panama Jazz Festival, que tendr\u00e1 lugar en la Ciudad del Saber. Durante los 6 d\u00edas de actividades se realizar\u00e1n cl\u00ednicas, audiciones, simposios, arte en vivo, talleres, conciertos, jam sessions y global stage.<\/p>\n<p>El creador de este espect\u00e1culo, Danilo P\u00e9rez, est\u00e1 sorprendido por la fuerza que ha tomado el festival que se ha convertido en una tradici\u00f3n. Este a\u00f1o se cumplen 16 ediciones. Seg\u00fan P\u00e9rez, este trabajo es efectuado con el prop\u00f3sito de continuar fortaleciendo la educaci\u00f3n y el bienestar social paname\u00f1o, y consagrar entre la juventud istme\u00f1a cualidades positivas como la creatividad, el intercambio cultural y el talento.<\/p>\n<p>&nbsp;<\/p>\n","protected":false},"excerpt":{"rendered":"<p>Comienza hoy el evento m\u00e1s esperado del verano, el Panama <a href=\"https:\/\/sertv.gob.pa\/crisolfm\/hoy-inicia-el-panama-jazz-festival\/\"> [&#8230;]<\/a><\/p>\n","protected":false},"author":64,"featured_media":15932,"comment_status":"closed","ping_status":"closed","sticky":false,"template":"","format":"standard","meta":{"footnotes":""},"categories":[6],"tags":[],"class_list":["post-15930","post","type-post","status-publish","format-standard","has-post-thumbnail","hentry","category-culturales"],"_links":{"self":[{"href":"https:\/\/sertv.gob.pa\/crisolfm\/wp-json\/wp\/v2\/posts\/15930","targetHints":{"allow":["GET"]}}],"collection":[{"href":"https:\/\/sertv.gob.pa\/crisolfm\/wp-json\/wp\/v2\/posts"}],"about":[{"href":"https:\/\/sertv.gob.pa\/crisolfm\/wp-json\/wp\/v2\/types\/post"}],"author":[{"embeddable":true,"href":"https:\/\/sertv.gob.pa\/crisolfm\/wp-json\/wp\/v2\/users\/64"}],"replies":[{"embeddable":true,"href":"https:\/\/sertv.gob.pa\/crisolfm\/wp-json\/wp\/v2\/comments?post=15930"}],"version-history":[{"count":1,"href":"https:\/\/sertv.gob.pa\/crisolfm\/wp-json\/wp\/v2\/posts\/15930\/revisions"}],"predecessor-version":[{"id":15933,"href":"https:\/\/sertv.gob.pa\/crisolfm\/wp-json\/wp\/v2\/posts\/15930\/revisions\/15933"}],"wp:featuredmedia":[{"embeddable":true,"href":"https:\/\/sertv.gob.pa\/crisolfm\/wp-json\/wp\/v2\/media\/15932"}],"wp:attachment":[{"href":"https:\/\/sertv.gob.pa\/crisolfm\/wp-json\/wp\/v2\/media?parent=15930"}],"wp:term":[{"taxonomy":"category","embeddable":true,"href":"https:\/\/sertv.gob.pa\/crisolfm\/wp-json\/wp\/v2\/categories?post=15930"},{"taxonomy":"post_tag","embeddable":true,"href":"https:\/\/sertv.gob.pa\/crisolfm\/wp-json\/wp\/v2\/tags?post=15930"}],"curies":[{"name":"wp","href":"https:\/\/api.w.org\/{rel}","templated":true}]}}