{"id":15950,"date":"2019-01-15T13:17:39","date_gmt":"2019-01-15T13:17:39","guid":{"rendered":"https:\/\/sertv.gob.pa\/crisolfm\/?p=15950"},"modified":"2019-01-15T13:17:39","modified_gmt":"2019-01-15T13:17:39","slug":"los-tres-cerditos-rumbo-a-los-carnavales-obra-en-teatro-la-estacion","status":"publish","type":"post","link":"https:\/\/sertv.gob.pa\/crisolfm\/los-tres-cerditos-rumbo-a-los-carnavales-obra-en-teatro-la-estacion\/","title":{"rendered":"\u201cLos tres cerditos rumbo a los carnavales\u201d, obra en Teatro La Estaci\u00f3n"},"content":{"rendered":"<p>En el Teatro La Estaci\u00f3n se presentar\u00e1 la obra de teatro \u201cLos 3 cerditos rumbo a los carnavales\u201d, desde el 12 de enero hasta el 3 de febrero de 2019. Se presentar\u00e1 el famoso Carnaval del pueblo de Las Tablas, que corre peligro porque sus reinas han desaparecido \u00bfQue habr\u00e1 sucedido? Los tres cerditos acuden para ayudar a Miss Piggy, una vieja amiga, a resolver el problema sin saber que tras de todo se halla el Lobo Feroz, que con un nuevo plan intentar\u00e1 acabar con ellos. \u00bfLograr\u00e1 el lobo su prop\u00f3sito? \u00bfO los tres cerditos salvar\u00e1n el Carnaval table\u00f1o?<\/p>\n<p>Las funciones ser\u00e1n los s\u00e1bados a las 5:00 p.m., y domingos a las 11:30 a.m., 2:00 y 4:00 p.m. Abdiel Tapia, Anibal Espinosa, \u00d3scar Murillo, Mercedes Gintoli, Robert De Luca, Hillary Arauz, Ana Mar\u00eda J\u00e1come, son algunos de los actores que forman parte del elenco.<\/p>\n<p>&nbsp;<\/p>\n","protected":false},"excerpt":{"rendered":"<p>En el Teatro La Estaci\u00f3n se presentar\u00e1 la obra de <a href=\"https:\/\/sertv.gob.pa\/crisolfm\/los-tres-cerditos-rumbo-a-los-carnavales-obra-en-teatro-la-estacion\/\"> [&#8230;]<\/a><\/p>\n","protected":false},"author":64,"featured_media":15952,"comment_status":"closed","ping_status":"closed","sticky":false,"template":"","format":"standard","meta":{"footnotes":""},"categories":[6],"tags":[],"class_list":["post-15950","post","type-post","status-publish","format-standard","has-post-thumbnail","hentry","category-culturales"],"_links":{"self":[{"href":"https:\/\/sertv.gob.pa\/crisolfm\/wp-json\/wp\/v2\/posts\/15950","targetHints":{"allow":["GET"]}}],"collection":[{"href":"https:\/\/sertv.gob.pa\/crisolfm\/wp-json\/wp\/v2\/posts"}],"about":[{"href":"https:\/\/sertv.gob.pa\/crisolfm\/wp-json\/wp\/v2\/types\/post"}],"author":[{"embeddable":true,"href":"https:\/\/sertv.gob.pa\/crisolfm\/wp-json\/wp\/v2\/users\/64"}],"replies":[{"embeddable":true,"href":"https:\/\/sertv.gob.pa\/crisolfm\/wp-json\/wp\/v2\/comments?post=15950"}],"version-history":[{"count":1,"href":"https:\/\/sertv.gob.pa\/crisolfm\/wp-json\/wp\/v2\/posts\/15950\/revisions"}],"predecessor-version":[{"id":15953,"href":"https:\/\/sertv.gob.pa\/crisolfm\/wp-json\/wp\/v2\/posts\/15950\/revisions\/15953"}],"wp:featuredmedia":[{"embeddable":true,"href":"https:\/\/sertv.gob.pa\/crisolfm\/wp-json\/wp\/v2\/media\/15952"}],"wp:attachment":[{"href":"https:\/\/sertv.gob.pa\/crisolfm\/wp-json\/wp\/v2\/media?parent=15950"}],"wp:term":[{"taxonomy":"category","embeddable":true,"href":"https:\/\/sertv.gob.pa\/crisolfm\/wp-json\/wp\/v2\/categories?post=15950"},{"taxonomy":"post_tag","embeddable":true,"href":"https:\/\/sertv.gob.pa\/crisolfm\/wp-json\/wp\/v2\/tags?post=15950"}],"curies":[{"name":"wp","href":"https:\/\/api.w.org\/{rel}","templated":true}]}}