{"id":16014,"date":"2019-01-16T13:17:38","date_gmt":"2019-01-16T13:17:38","guid":{"rendered":"https:\/\/sertv.gob.pa\/crisolfm\/?p=16014"},"modified":"2019-01-16T13:17:38","modified_gmt":"2019-01-16T13:17:38","slug":"costas-mural-que-une-raices-afro-de-panama-y-mexico","status":"publish","type":"post","link":"https:\/\/sertv.gob.pa\/crisolfm\/costas-mural-que-une-raices-afro-de-panama-y-mexico\/","title":{"rendered":"\u201cCostas\u201d, mural que une ra\u00edces afro de Panam\u00e1 y M\u00e9xico"},"content":{"rendered":"<p>Transmitir la resistencia que han desarrollado los pueblos afrodescendientes por su derecho a la libertad. Presentar las necesidades y vicisitudes que han tenido que pasar desde sus or\u00edgenes, producto del abandono por parte de los Estados. Ese fue el mensaje que el artista visual proveniente de M\u00e9xico Baltazar Castellano Melo, en conjunto con los colonenses Manuel \u2018Tatu&#8217; Golden y Eduardo Esquina, plasmaron en los murales \u2018Costas&#8217;, obras que fueron presentadas en la exhibici\u00f3n del Centro de la Imagen de la Secretar\u00eda de Cultura de M\u00e9xico, titulada \u2018Afroamericanos&#8217;. Para esta actividad de fotograf\u00eda y muralismo, se dieron cita unos 35 artistas de distintos pa\u00edses de Latinoam\u00e9rica. El realce de la cultura afrodescendiente era el enfoque del encuentro.<\/p>\n<p>\u2018El prop\u00f3sito fue dar a conocer el orgullo de la etnia negra de M\u00e9xico con elementos de otros pa\u00edses&#8217;, dijo Esquina. Y agreg\u00f3 \u2018en toda Latinoam\u00e9rica, la cultura ha tratado de ser \u2018blanqueada&#8217;, un aspecto que vulnerabiliza a la afroamericana, de la cual se habla muy poco. M\u00e9xico es de esos pa\u00edses en donde se sabe poco de la cultura negra&#8217;. Sobre la colaboraci\u00f3n art\u00edstica que llev\u00f3 a cabo de la mano con su colega Tatu, Esquina resalt\u00f3 que 10 d\u00edas les tom\u00f3 pintar ambos murales de diez metros de ancho por seis de alto. \u2018El trabajo fue complicado, pero con la satisfacci\u00f3n de que se logr\u00f3 el cometido&#8217;, se\u00f1al\u00f3.<\/p>\n<p>&nbsp;<\/p>\n","protected":false},"excerpt":{"rendered":"<p>Transmitir la resistencia que han desarrollado los pueblos afrodescendientes por <a href=\"https:\/\/sertv.gob.pa\/crisolfm\/costas-mural-que-une-raices-afro-de-panama-y-mexico\/\"> [&#8230;]<\/a><\/p>\n","protected":false},"author":64,"featured_media":16016,"comment_status":"closed","ping_status":"closed","sticky":false,"template":"","format":"standard","meta":{"footnotes":""},"categories":[6],"tags":[],"class_list":["post-16014","post","type-post","status-publish","format-standard","has-post-thumbnail","hentry","category-culturales"],"_links":{"self":[{"href":"https:\/\/sertv.gob.pa\/crisolfm\/wp-json\/wp\/v2\/posts\/16014","targetHints":{"allow":["GET"]}}],"collection":[{"href":"https:\/\/sertv.gob.pa\/crisolfm\/wp-json\/wp\/v2\/posts"}],"about":[{"href":"https:\/\/sertv.gob.pa\/crisolfm\/wp-json\/wp\/v2\/types\/post"}],"author":[{"embeddable":true,"href":"https:\/\/sertv.gob.pa\/crisolfm\/wp-json\/wp\/v2\/users\/64"}],"replies":[{"embeddable":true,"href":"https:\/\/sertv.gob.pa\/crisolfm\/wp-json\/wp\/v2\/comments?post=16014"}],"version-history":[{"count":1,"href":"https:\/\/sertv.gob.pa\/crisolfm\/wp-json\/wp\/v2\/posts\/16014\/revisions"}],"predecessor-version":[{"id":16017,"href":"https:\/\/sertv.gob.pa\/crisolfm\/wp-json\/wp\/v2\/posts\/16014\/revisions\/16017"}],"wp:featuredmedia":[{"embeddable":true,"href":"https:\/\/sertv.gob.pa\/crisolfm\/wp-json\/wp\/v2\/media\/16016"}],"wp:attachment":[{"href":"https:\/\/sertv.gob.pa\/crisolfm\/wp-json\/wp\/v2\/media?parent=16014"}],"wp:term":[{"taxonomy":"category","embeddable":true,"href":"https:\/\/sertv.gob.pa\/crisolfm\/wp-json\/wp\/v2\/categories?post=16014"},{"taxonomy":"post_tag","embeddable":true,"href":"https:\/\/sertv.gob.pa\/crisolfm\/wp-json\/wp\/v2\/tags?post=16014"}],"curies":[{"name":"wp","href":"https:\/\/api.w.org\/{rel}","templated":true}]}}