{"id":16072,"date":"2019-01-17T13:41:08","date_gmt":"2019-01-17T13:41:08","guid":{"rendered":"https:\/\/sertv.gob.pa\/crisolfm\/?p=16072"},"modified":"2019-01-17T13:41:08","modified_gmt":"2019-01-17T13:41:08","slug":"lleno-de-educacion-el-segundo-dia-del-panama-jazz-festival","status":"publish","type":"post","link":"https:\/\/sertv.gob.pa\/crisolfm\/lleno-de-educacion-el-segundo-dia-del-panama-jazz-festival\/","title":{"rendered":"Lleno de educaci\u00f3n el segundo d\u00eda del Panam\u00e1 Jazz Festival"},"content":{"rendered":"<p>El segundo d\u00eda del Panam\u00e1 Jazz Festival incluy\u00f3 cl\u00ednicas, talleres, intercambios de m\u00fasica cl\u00e1sica y simposio de musicoterapia. Cl\u00ednicas de viol\u00edn el\u00e9ctrico, tromb\u00f3n, historia del Jazz, trompeta, percusi\u00f3n aplicado al pop\/rock, as\u00ed como el posicionamiento del instrumento conocido como el tri\u00e1ngulo en el blues, impartidos por especialistas de Estados Unidos, Colombia, Suecia y Panam\u00e1.<\/p>\n<p>Dentro de los simposios de Musicoterapia, el colombiano Andr\u00e9s Salgado abord\u00f3 los aspectos b\u00e1sicos de esta clase de sesiones; mientras, Talia Girton habl\u00f3 de las pr\u00e1cticas y composiciones de m\u00fasica con fines psicoterap\u00e9uticos; Cecilia Jurado de ecuador explic\u00f3 los t\u00e9rminos de la rehabilitaci\u00f3n cognitiva dentro de la neurol\u00f3gica y Esteban Roa de Colombia finaliz\u00f3 el aspecto transcultural.<\/p>\n<p>&nbsp;<\/p>\n","protected":false},"excerpt":{"rendered":"<p>El segundo d\u00eda del Panam\u00e1 Jazz Festival incluy\u00f3 cl\u00ednicas, talleres, <a href=\"https:\/\/sertv.gob.pa\/crisolfm\/lleno-de-educacion-el-segundo-dia-del-panama-jazz-festival\/\"> [&#8230;]<\/a><\/p>\n","protected":false},"author":64,"featured_media":16074,"comment_status":"closed","ping_status":"closed","sticky":false,"template":"","format":"standard","meta":{"footnotes":""},"categories":[6],"tags":[],"class_list":["post-16072","post","type-post","status-publish","format-standard","has-post-thumbnail","hentry","category-culturales"],"_links":{"self":[{"href":"https:\/\/sertv.gob.pa\/crisolfm\/wp-json\/wp\/v2\/posts\/16072","targetHints":{"allow":["GET"]}}],"collection":[{"href":"https:\/\/sertv.gob.pa\/crisolfm\/wp-json\/wp\/v2\/posts"}],"about":[{"href":"https:\/\/sertv.gob.pa\/crisolfm\/wp-json\/wp\/v2\/types\/post"}],"author":[{"embeddable":true,"href":"https:\/\/sertv.gob.pa\/crisolfm\/wp-json\/wp\/v2\/users\/64"}],"replies":[{"embeddable":true,"href":"https:\/\/sertv.gob.pa\/crisolfm\/wp-json\/wp\/v2\/comments?post=16072"}],"version-history":[{"count":1,"href":"https:\/\/sertv.gob.pa\/crisolfm\/wp-json\/wp\/v2\/posts\/16072\/revisions"}],"predecessor-version":[{"id":16075,"href":"https:\/\/sertv.gob.pa\/crisolfm\/wp-json\/wp\/v2\/posts\/16072\/revisions\/16075"}],"wp:featuredmedia":[{"embeddable":true,"href":"https:\/\/sertv.gob.pa\/crisolfm\/wp-json\/wp\/v2\/media\/16074"}],"wp:attachment":[{"href":"https:\/\/sertv.gob.pa\/crisolfm\/wp-json\/wp\/v2\/media?parent=16072"}],"wp:term":[{"taxonomy":"category","embeddable":true,"href":"https:\/\/sertv.gob.pa\/crisolfm\/wp-json\/wp\/v2\/categories?post=16072"},{"taxonomy":"post_tag","embeddable":true,"href":"https:\/\/sertv.gob.pa\/crisolfm\/wp-json\/wp\/v2\/tags?post=16072"}],"curies":[{"name":"wp","href":"https:\/\/api.w.org\/{rel}","templated":true}]}}