{"id":16076,"date":"2019-01-17T13:50:32","date_gmt":"2019-01-17T13:50:32","guid":{"rendered":"https:\/\/sertv.gob.pa\/crisolfm\/?p=16076"},"modified":"2019-01-17T13:50:32","modified_gmt":"2019-01-17T13:50:32","slug":"el-prado-preve-2-millones-menos-en-patrocinadores-en-su-bicentenario","status":"publish","type":"post","link":"https:\/\/sertv.gob.pa\/crisolfm\/el-prado-preve-2-millones-menos-en-patrocinadores-en-su-bicentenario\/","title":{"rendered":"El Prado prev\u00e9 2 millones menos en patrocinadores en su bicentenario"},"content":{"rendered":"<p>El a\u00f1o 2019 es decisivo en la historia del Museo del Prado porque, tras ser alumbrado por Isabel de Braganza, <a href=\"https:\/\/elpais.com\/elpais\/2018\/11\/23\/opinion\/1542997620_143790.html\" target=\"_blank\" rel=\"noopener\">celebra su 200 cumplea\u00f1os<\/a> y la programaci\u00f3n de actividades y exposiciones girar\u00e1n en torno a este hecho. Entre ellas es muy esperada la celebraci\u00f3n de la muestra que comparar\u00e1 obras de Rembrandt, Vermeer y Vel\u00e1zquez y la exhibici\u00f3n que reunir\u00e1 60 piezas de las pintoras del siglo XVI Sofonisba Anguissola y Lavinia Fontana. Tambi\u00e9n revisar\u00e1n el paso del escultor Alberto Giacometti por el museo y cerrar\u00e1n el a\u00f1o con una exhibici\u00f3n de dibujos de Goya. Sin embargo, el Prado no parece estar convencido del triunfo de sus fastos: <a href=\"https:\/\/elpais.com\/economia\/2019\/01\/14\/actualidad\/1547467161_356463.html\" target=\"_blank\" rel=\"noopener\">en los Presupuestos Generales del Estado<\/a> presentados por el Gobierno -pendientes de aprobaci\u00f3n en la C\u00e1mara baja- se indica una p\u00e9rdida de casi dos millones de euros en la aportaci\u00f3n de patrocinadores y unas visitas contenidas.<\/p>\n<p>En sus previsiones, el museo cree que recaudar\u00e1 5,5 millones de euros en aportaciones de las empresas implicadas en la celebraci\u00f3n de su Bicentenario. Ser\u00e1 protagonista absoluto de la agenda cultural y, a pesar de ello, el c\u00e1lculo no es al alza, sino a la baja al compararlo con 2018, cuando recaudaron 7,2 millones de euros en ingresos de patrocinadores. La mejor cosecha de todas fue la de 2016 -gracias a El Bosco- con una captaci\u00f3n de 8,1 millones de euros. Y en 2017, 6,2 millones de euros. Desde el museo indican que hay una empresa japonesa que ha retirado su apoyo de algo m\u00e1s de 1,5 millones de euros. El medio mill\u00f3n restante se debe a la finalizaci\u00f3n del pago de la compra de\u00a0<em>La virgen de la granad<\/em>a, obra de Fran Angelico, realizada por la Fundaci\u00f3n Amigos del Prado.<\/p>\n<p>El Pa\u00eds<\/p>\n","protected":false},"excerpt":{"rendered":"<p>El a\u00f1o 2019 es decisivo en la historia del Museo <a href=\"https:\/\/sertv.gob.pa\/crisolfm\/el-prado-preve-2-millones-menos-en-patrocinadores-en-su-bicentenario\/\"> [&#8230;]<\/a><\/p>\n","protected":false},"author":64,"featured_media":16078,"comment_status":"closed","ping_status":"closed","sticky":false,"template":"","format":"standard","meta":{"footnotes":""},"categories":[6],"tags":[],"class_list":["post-16076","post","type-post","status-publish","format-standard","has-post-thumbnail","hentry","category-culturales"],"_links":{"self":[{"href":"https:\/\/sertv.gob.pa\/crisolfm\/wp-json\/wp\/v2\/posts\/16076","targetHints":{"allow":["GET"]}}],"collection":[{"href":"https:\/\/sertv.gob.pa\/crisolfm\/wp-json\/wp\/v2\/posts"}],"about":[{"href":"https:\/\/sertv.gob.pa\/crisolfm\/wp-json\/wp\/v2\/types\/post"}],"author":[{"embeddable":true,"href":"https:\/\/sertv.gob.pa\/crisolfm\/wp-json\/wp\/v2\/users\/64"}],"replies":[{"embeddable":true,"href":"https:\/\/sertv.gob.pa\/crisolfm\/wp-json\/wp\/v2\/comments?post=16076"}],"version-history":[{"count":1,"href":"https:\/\/sertv.gob.pa\/crisolfm\/wp-json\/wp\/v2\/posts\/16076\/revisions"}],"predecessor-version":[{"id":16079,"href":"https:\/\/sertv.gob.pa\/crisolfm\/wp-json\/wp\/v2\/posts\/16076\/revisions\/16079"}],"wp:featuredmedia":[{"embeddable":true,"href":"https:\/\/sertv.gob.pa\/crisolfm\/wp-json\/wp\/v2\/media\/16078"}],"wp:attachment":[{"href":"https:\/\/sertv.gob.pa\/crisolfm\/wp-json\/wp\/v2\/media?parent=16076"}],"wp:term":[{"taxonomy":"category","embeddable":true,"href":"https:\/\/sertv.gob.pa\/crisolfm\/wp-json\/wp\/v2\/categories?post=16076"},{"taxonomy":"post_tag","embeddable":true,"href":"https:\/\/sertv.gob.pa\/crisolfm\/wp-json\/wp\/v2\/tags?post=16076"}],"curies":[{"name":"wp","href":"https:\/\/api.w.org\/{rel}","templated":true}]}}