{"id":16091,"date":"2019-01-17T17:58:44","date_gmt":"2019-01-17T17:58:44","guid":{"rendered":"https:\/\/sertv.gob.pa\/crisolfm\/?p=16091"},"modified":"2019-01-17T17:58:44","modified_gmt":"2019-01-17T17:58:44","slug":"mural-panameno-para-la-misa-de-clausura-de-la-jmj","status":"publish","type":"post","link":"https:\/\/sertv.gob.pa\/crisolfm\/mural-panameno-para-la-misa-de-clausura-de-la-jmj\/","title":{"rendered":"Mural paname\u00f1o para la misa de clausura de la JMJ"},"content":{"rendered":"<p>Alegre, colorido, espont\u00e1neo, con una imagen de 5 j\u00f3venes en una barca (representando los cinco continentes) bajo la mirada de Jes\u00fas y Santa Mar\u00eda La Antigua. As\u00ed es el mural, creado en Panam\u00e1, que se exhibir\u00e1 de fondo en la misa de env\u00edo que oficiar\u00e1 el papa Francisco el domingo 27 de enero, en Metro Park, el \u00faltimo d\u00eda de la Jornada Mundial de la Juventud (JMJ).<\/p>\n<p>Su concepto y dise\u00f1o estuvo a cargo de Rolando Domingo y fue trabajado y pintado bajo la gu\u00eda del maestro Iv\u00e1n Delgado quien, con su esposa y 49 alumnos de su escuela de arte, trabajaron esta pieza en un periodo de 2 meses. La obra se mantiene en exhibici\u00f3n en Altaplaza Mall, primer nivel. Este s\u00e1bado 19 de enero, a las 4:00 p.m., se tiene previsto una pr\u00e1ctica del coro y orquesta de la JMJ junto al mural.<\/p>\n<p>&nbsp;<\/p>\n<p>&nbsp;<\/p>\n<p>&nbsp;<\/p>\n<p>&nbsp;<\/p>\n","protected":false},"excerpt":{"rendered":"<p>Alegre, colorido, espont\u00e1neo, con una imagen de 5 j\u00f3venes en <a href=\"https:\/\/sertv.gob.pa\/crisolfm\/mural-panameno-para-la-misa-de-clausura-de-la-jmj\/\"> [&#8230;]<\/a><\/p>\n","protected":false},"author":64,"featured_media":16093,"comment_status":"closed","ping_status":"closed","sticky":false,"template":"","format":"standard","meta":{"footnotes":""},"categories":[6],"tags":[],"class_list":["post-16091","post","type-post","status-publish","format-standard","has-post-thumbnail","hentry","category-culturales"],"_links":{"self":[{"href":"https:\/\/sertv.gob.pa\/crisolfm\/wp-json\/wp\/v2\/posts\/16091","targetHints":{"allow":["GET"]}}],"collection":[{"href":"https:\/\/sertv.gob.pa\/crisolfm\/wp-json\/wp\/v2\/posts"}],"about":[{"href":"https:\/\/sertv.gob.pa\/crisolfm\/wp-json\/wp\/v2\/types\/post"}],"author":[{"embeddable":true,"href":"https:\/\/sertv.gob.pa\/crisolfm\/wp-json\/wp\/v2\/users\/64"}],"replies":[{"embeddable":true,"href":"https:\/\/sertv.gob.pa\/crisolfm\/wp-json\/wp\/v2\/comments?post=16091"}],"version-history":[{"count":1,"href":"https:\/\/sertv.gob.pa\/crisolfm\/wp-json\/wp\/v2\/posts\/16091\/revisions"}],"predecessor-version":[{"id":16094,"href":"https:\/\/sertv.gob.pa\/crisolfm\/wp-json\/wp\/v2\/posts\/16091\/revisions\/16094"}],"wp:featuredmedia":[{"embeddable":true,"href":"https:\/\/sertv.gob.pa\/crisolfm\/wp-json\/wp\/v2\/media\/16093"}],"wp:attachment":[{"href":"https:\/\/sertv.gob.pa\/crisolfm\/wp-json\/wp\/v2\/media?parent=16091"}],"wp:term":[{"taxonomy":"category","embeddable":true,"href":"https:\/\/sertv.gob.pa\/crisolfm\/wp-json\/wp\/v2\/categories?post=16091"},{"taxonomy":"post_tag","embeddable":true,"href":"https:\/\/sertv.gob.pa\/crisolfm\/wp-json\/wp\/v2\/tags?post=16091"}],"curies":[{"name":"wp","href":"https:\/\/api.w.org\/{rel}","templated":true}]}}