{"id":16122,"date":"2019-01-18T15:23:43","date_gmt":"2019-01-18T15:23:43","guid":{"rendered":"https:\/\/sertv.gob.pa\/crisolfm\/?p=16122"},"modified":"2019-01-18T15:23:43","modified_gmt":"2019-01-18T15:23:43","slug":"biomuseo-y-comite-organizador-de-jmj-2019-firman-convenio","status":"publish","type":"post","link":"https:\/\/sertv.gob.pa\/crisolfm\/biomuseo-y-comite-organizador-de-jmj-2019-firman-convenio\/","title":{"rendered":"Biomuseo y comit\u00e9 organizador de JMJ 2019 firman convenio"},"content":{"rendered":"<p>El Biomuseo se une a la JMJ Panam\u00e1 2019 para servir de anfitri\u00f3n de la exposici\u00f3n Gaud\u00ed, hijo de Mar\u00eda, la historia de un gran arquitecto que se inspir\u00f3 en Mar\u00eda para construir el templo expiatorio de la Sagrada Familia en Barcelona. La exposici\u00f3n cuenta la vida del arquitecto en 6 cap\u00edtulos, que narran su crecimiento como artista y persona de fe.<\/p>\n<p>La exposici\u00f3n de entrada gratuita para todo p\u00fablico, estar\u00e1 abierta del 21 de enero hasta el 7 de febrero de 2019 en El Sal\u00f3n del Biomuseo, en horario de 10:00 a.m. a 5:00 p.m.<\/p>\n<p>&nbsp;<\/p>\n<p><strong>\u00a0<\/strong><\/p>\n<p>&nbsp;<\/p>\n<p>&nbsp;<\/p>\n","protected":false},"excerpt":{"rendered":"<p>El Biomuseo se une a la JMJ Panam\u00e1 2019 para <a href=\"https:\/\/sertv.gob.pa\/crisolfm\/biomuseo-y-comite-organizador-de-jmj-2019-firman-convenio\/\"> [&#8230;]<\/a><\/p>\n","protected":false},"author":64,"featured_media":16124,"comment_status":"closed","ping_status":"closed","sticky":false,"template":"","format":"standard","meta":{"footnotes":""},"categories":[6],"tags":[],"class_list":["post-16122","post","type-post","status-publish","format-standard","has-post-thumbnail","hentry","category-culturales"],"_links":{"self":[{"href":"https:\/\/sertv.gob.pa\/crisolfm\/wp-json\/wp\/v2\/posts\/16122","targetHints":{"allow":["GET"]}}],"collection":[{"href":"https:\/\/sertv.gob.pa\/crisolfm\/wp-json\/wp\/v2\/posts"}],"about":[{"href":"https:\/\/sertv.gob.pa\/crisolfm\/wp-json\/wp\/v2\/types\/post"}],"author":[{"embeddable":true,"href":"https:\/\/sertv.gob.pa\/crisolfm\/wp-json\/wp\/v2\/users\/64"}],"replies":[{"embeddable":true,"href":"https:\/\/sertv.gob.pa\/crisolfm\/wp-json\/wp\/v2\/comments?post=16122"}],"version-history":[{"count":1,"href":"https:\/\/sertv.gob.pa\/crisolfm\/wp-json\/wp\/v2\/posts\/16122\/revisions"}],"predecessor-version":[{"id":16125,"href":"https:\/\/sertv.gob.pa\/crisolfm\/wp-json\/wp\/v2\/posts\/16122\/revisions\/16125"}],"wp:featuredmedia":[{"embeddable":true,"href":"https:\/\/sertv.gob.pa\/crisolfm\/wp-json\/wp\/v2\/media\/16124"}],"wp:attachment":[{"href":"https:\/\/sertv.gob.pa\/crisolfm\/wp-json\/wp\/v2\/media?parent=16122"}],"wp:term":[{"taxonomy":"category","embeddable":true,"href":"https:\/\/sertv.gob.pa\/crisolfm\/wp-json\/wp\/v2\/categories?post=16122"},{"taxonomy":"post_tag","embeddable":true,"href":"https:\/\/sertv.gob.pa\/crisolfm\/wp-json\/wp\/v2\/tags?post=16122"}],"curies":[{"name":"wp","href":"https:\/\/api.w.org\/{rel}","templated":true}]}}