{"id":16126,"date":"2019-01-18T15:34:05","date_gmt":"2019-01-18T15:34:05","guid":{"rendered":"https:\/\/sertv.gob.pa\/crisolfm\/?p=16126"},"modified":"2019-01-18T15:34:05","modified_gmt":"2019-01-18T15:34:05","slug":"premio-nacional-de-periodismo-abre-inscripciones","status":"publish","type":"post","link":"https:\/\/sertv.gob.pa\/crisolfm\/premio-nacional-de-periodismo-abre-inscripciones\/","title":{"rendered":"Premio Nacional de Periodismo abre inscripciones"},"content":{"rendered":"<p>El F\u00f3rum de Periodistas por la Libertad de Expresi\u00f3n e Informaci\u00f3n comunica que a partir del 17 de enero y hasta el 21 de febrero pr\u00f3ximo est\u00e1n abiertas las inscripciones al vig\u00e9simo tercer certamen Premio Nacional de Periodismo. Las inscripciones se reciben en la sede del F\u00f3rum horario de 9:00 a.m. a 4:00 p.m.<\/p>\n<p>\u201cEst\u00e1n invitados a participar periodistas, reporteros gr\u00e1ficos y caricaturistas nacionales y extranjeros residentes en Panam\u00e1, con trabajos publicados en idioma espa\u00f1ol, en medios nacionales entre el 1 de enero y el 31 de diciembre de 2018\u201d, se\u00f1al\u00f3 la entidad. Ser\u00e1n premiadas 15 categor\u00edas de periodismo escrito, televisivo, radiof\u00f3nico y categor\u00edas especiales como Periodismo Cultural, Deportivo, Econ\u00f3mico, Multimedia, Caricatura, Fotograf\u00eda y Gastronom\u00eda.<\/p>\n<p>&nbsp;<\/p>\n<p>&nbsp;<\/p>\n","protected":false},"excerpt":{"rendered":"<p>El F\u00f3rum de Periodistas por la Libertad de Expresi\u00f3n e <a href=\"https:\/\/sertv.gob.pa\/crisolfm\/premio-nacional-de-periodismo-abre-inscripciones\/\"> [&#8230;]<\/a><\/p>\n","protected":false},"author":64,"featured_media":16128,"comment_status":"closed","ping_status":"closed","sticky":false,"template":"","format":"standard","meta":{"footnotes":""},"categories":[6],"tags":[],"class_list":["post-16126","post","type-post","status-publish","format-standard","has-post-thumbnail","hentry","category-culturales"],"_links":{"self":[{"href":"https:\/\/sertv.gob.pa\/crisolfm\/wp-json\/wp\/v2\/posts\/16126","targetHints":{"allow":["GET"]}}],"collection":[{"href":"https:\/\/sertv.gob.pa\/crisolfm\/wp-json\/wp\/v2\/posts"}],"about":[{"href":"https:\/\/sertv.gob.pa\/crisolfm\/wp-json\/wp\/v2\/types\/post"}],"author":[{"embeddable":true,"href":"https:\/\/sertv.gob.pa\/crisolfm\/wp-json\/wp\/v2\/users\/64"}],"replies":[{"embeddable":true,"href":"https:\/\/sertv.gob.pa\/crisolfm\/wp-json\/wp\/v2\/comments?post=16126"}],"version-history":[{"count":1,"href":"https:\/\/sertv.gob.pa\/crisolfm\/wp-json\/wp\/v2\/posts\/16126\/revisions"}],"predecessor-version":[{"id":16129,"href":"https:\/\/sertv.gob.pa\/crisolfm\/wp-json\/wp\/v2\/posts\/16126\/revisions\/16129"}],"wp:featuredmedia":[{"embeddable":true,"href":"https:\/\/sertv.gob.pa\/crisolfm\/wp-json\/wp\/v2\/media\/16128"}],"wp:attachment":[{"href":"https:\/\/sertv.gob.pa\/crisolfm\/wp-json\/wp\/v2\/media?parent=16126"}],"wp:term":[{"taxonomy":"category","embeddable":true,"href":"https:\/\/sertv.gob.pa\/crisolfm\/wp-json\/wp\/v2\/categories?post=16126"},{"taxonomy":"post_tag","embeddable":true,"href":"https:\/\/sertv.gob.pa\/crisolfm\/wp-json\/wp\/v2\/tags?post=16126"}],"curies":[{"name":"wp","href":"https:\/\/api.w.org\/{rel}","templated":true}]}}