{"id":16130,"date":"2019-01-18T16:04:54","date_gmt":"2019-01-18T16:04:54","guid":{"rendered":"https:\/\/sertv.gob.pa\/crisolfm\/?p=16130"},"modified":"2019-01-18T16:04:54","modified_gmt":"2019-01-18T16:04:54","slug":"china-celebra-su-ano-del-cerdo","status":"publish","type":"post","link":"https:\/\/sertv.gob.pa\/crisolfm\/china-celebra-su-ano-del-cerdo\/","title":{"rendered":"China celebra su A\u00f1o del Cerdo"},"content":{"rendered":"<p>Con artistas de Panam\u00e1, China y Nueva York, como principales atractivos, se realizar\u00e1 la XIV versi\u00f3n del festival de la primavera que da la bienvenida al A\u00f1o del Cerdo de Tierra. Habr\u00e1 concierto con el costarricense Jorge Chicas, la china-estadounidense Rosie (Yang Kailin), Jafet Jerez y los hermanos Samy y Sandra Sandoval, en representaci\u00f3n de Panam\u00e1.<\/p>\n<p>Dentro de la actividad, que se llevar\u00e1 a cabo en el Centro de convenciones Atlapa del 3 al 5 de febrero, de 12:00 mediod\u00eda a 7:30 p.m., se contar\u00e1 con una degustaci\u00f3n sorpresa por parte de uno de los 10 chef de China, que preparar\u00e1 la cena del A\u00f1o Nuevo para invitados especiales previo al festival. El evento, organizado por la Fundaci\u00f3n General de Empresarios Chinos que culminar\u00e1 con un espect\u00e1culo de fuegos artificiales, no faltar\u00e1 la tradicional Danza del Le\u00f3n en pilotes que miden 4 metros de altura y como eventos principales, un mago tra\u00eddo de China, que traga fuego e intercambia m\u00e1scaras, as\u00ed como un grupo de artes marciales.<\/p>\n","protected":false},"excerpt":{"rendered":"<p>Con artistas de Panam\u00e1, China y Nueva York, como principales <a href=\"https:\/\/sertv.gob.pa\/crisolfm\/china-celebra-su-ano-del-cerdo\/\"> [&#8230;]<\/a><\/p>\n","protected":false},"author":64,"featured_media":16132,"comment_status":"closed","ping_status":"closed","sticky":false,"template":"","format":"standard","meta":{"footnotes":""},"categories":[6],"tags":[],"class_list":["post-16130","post","type-post","status-publish","format-standard","has-post-thumbnail","hentry","category-culturales"],"_links":{"self":[{"href":"https:\/\/sertv.gob.pa\/crisolfm\/wp-json\/wp\/v2\/posts\/16130","targetHints":{"allow":["GET"]}}],"collection":[{"href":"https:\/\/sertv.gob.pa\/crisolfm\/wp-json\/wp\/v2\/posts"}],"about":[{"href":"https:\/\/sertv.gob.pa\/crisolfm\/wp-json\/wp\/v2\/types\/post"}],"author":[{"embeddable":true,"href":"https:\/\/sertv.gob.pa\/crisolfm\/wp-json\/wp\/v2\/users\/64"}],"replies":[{"embeddable":true,"href":"https:\/\/sertv.gob.pa\/crisolfm\/wp-json\/wp\/v2\/comments?post=16130"}],"version-history":[{"count":1,"href":"https:\/\/sertv.gob.pa\/crisolfm\/wp-json\/wp\/v2\/posts\/16130\/revisions"}],"predecessor-version":[{"id":16133,"href":"https:\/\/sertv.gob.pa\/crisolfm\/wp-json\/wp\/v2\/posts\/16130\/revisions\/16133"}],"wp:featuredmedia":[{"embeddable":true,"href":"https:\/\/sertv.gob.pa\/crisolfm\/wp-json\/wp\/v2\/media\/16132"}],"wp:attachment":[{"href":"https:\/\/sertv.gob.pa\/crisolfm\/wp-json\/wp\/v2\/media?parent=16130"}],"wp:term":[{"taxonomy":"category","embeddable":true,"href":"https:\/\/sertv.gob.pa\/crisolfm\/wp-json\/wp\/v2\/categories?post=16130"},{"taxonomy":"post_tag","embeddable":true,"href":"https:\/\/sertv.gob.pa\/crisolfm\/wp-json\/wp\/v2\/tags?post=16130"}],"curies":[{"name":"wp","href":"https:\/\/api.w.org\/{rel}","templated":true}]}}