{"id":16150,"date":"2019-01-21T12:20:45","date_gmt":"2019-01-21T12:20:45","guid":{"rendered":"https:\/\/sertv.gob.pa\/crisolfm\/?p=16150"},"modified":"2019-01-21T12:20:45","modified_gmt":"2019-01-21T12:20:45","slug":"fallece-musico-y-compositor-brasileno-marcelo-yuka","status":"publish","type":"post","link":"https:\/\/sertv.gob.pa\/crisolfm\/fallece-musico-y-compositor-brasileno-marcelo-yuka\/","title":{"rendered":"Fallece m\u00fasico y compositor brasile\u00f1o Marcelo Yuka"},"content":{"rendered":"<p>El m\u00fasico y compositor brasile\u00f1o Marcelo Yuka, uno de los fundadores de la banda reggae-rock O Rappa, muri\u00f3 a los 53 a\u00f1os de edad en un hospital de R\u00edo de Janeiro, informaron fuentes m\u00e9dicas. Marcelo Yuka, nombre art\u00edstico de Marcelo Fontes do Nascimento, estaba internado desde principios de a\u00f1o en estado grave, con un cuadro de infecci\u00f3n generalizada, tras sufrir un derrame cerebral, el segundo en menos de un a\u00f1o. En el a\u00f1o 2000 el artista se qued\u00f3 parapl\u00e9jico despu\u00e9s de recibir nueve disparos en la espalda al intentar impedir que un grupo de delincuentes robase el autom\u00f3vil de una mujer en un barrio de la zona norte de R\u00edo.<\/p>\n<p>Asimismo, fue el protagonista del documental \u00abMarcelo Yuka no Caminho das Setas\u00bb (Marcelo Yuka en el camino se\u00f1alado), dirigido por la directora brasile\u00f1a Daniela Broitman y que se present\u00f3 por distintos festivales en Chicago, Toulouse y Montevideo. Yuka era el bater\u00eda, principal compositor y l\u00edder de O Rappa, que se convirti\u00f3 en una de las principales bandas brasile\u00f1as de rock de los a\u00f1os 90. Denunci\u00f3 a trav\u00e9s de sus letras la violencia urbana, el racismo y la desigualdad social.<\/p>\n<p>EFE<\/p>\n","protected":false},"excerpt":{"rendered":"<p>El m\u00fasico y compositor brasile\u00f1o Marcelo Yuka, uno de los <a href=\"https:\/\/sertv.gob.pa\/crisolfm\/fallece-musico-y-compositor-brasileno-marcelo-yuka\/\"> [&#8230;]<\/a><\/p>\n","protected":false},"author":64,"featured_media":16152,"comment_status":"closed","ping_status":"closed","sticky":false,"template":"","format":"standard","meta":{"footnotes":""},"categories":[6],"tags":[],"class_list":["post-16150","post","type-post","status-publish","format-standard","has-post-thumbnail","hentry","category-culturales"],"_links":{"self":[{"href":"https:\/\/sertv.gob.pa\/crisolfm\/wp-json\/wp\/v2\/posts\/16150","targetHints":{"allow":["GET"]}}],"collection":[{"href":"https:\/\/sertv.gob.pa\/crisolfm\/wp-json\/wp\/v2\/posts"}],"about":[{"href":"https:\/\/sertv.gob.pa\/crisolfm\/wp-json\/wp\/v2\/types\/post"}],"author":[{"embeddable":true,"href":"https:\/\/sertv.gob.pa\/crisolfm\/wp-json\/wp\/v2\/users\/64"}],"replies":[{"embeddable":true,"href":"https:\/\/sertv.gob.pa\/crisolfm\/wp-json\/wp\/v2\/comments?post=16150"}],"version-history":[{"count":1,"href":"https:\/\/sertv.gob.pa\/crisolfm\/wp-json\/wp\/v2\/posts\/16150\/revisions"}],"predecessor-version":[{"id":16153,"href":"https:\/\/sertv.gob.pa\/crisolfm\/wp-json\/wp\/v2\/posts\/16150\/revisions\/16153"}],"wp:featuredmedia":[{"embeddable":true,"href":"https:\/\/sertv.gob.pa\/crisolfm\/wp-json\/wp\/v2\/media\/16152"}],"wp:attachment":[{"href":"https:\/\/sertv.gob.pa\/crisolfm\/wp-json\/wp\/v2\/media?parent=16150"}],"wp:term":[{"taxonomy":"category","embeddable":true,"href":"https:\/\/sertv.gob.pa\/crisolfm\/wp-json\/wp\/v2\/categories?post=16150"},{"taxonomy":"post_tag","embeddable":true,"href":"https:\/\/sertv.gob.pa\/crisolfm\/wp-json\/wp\/v2\/tags?post=16150"}],"curies":[{"name":"wp","href":"https:\/\/api.w.org\/{rel}","templated":true}]}}