{"id":16154,"date":"2019-01-21T12:26:51","date_gmt":"2019-01-21T12:26:51","guid":{"rendered":"https:\/\/sertv.gob.pa\/crisolfm\/?p=16154"},"modified":"2019-01-21T12:26:51","modified_gmt":"2019-01-21T12:26:51","slug":"bolivia-llevara-su-tradicional-feria-de-deseos-en-miniatura-a-20-paises","status":"publish","type":"post","link":"https:\/\/sertv.gob.pa\/crisolfm\/bolivia-llevara-su-tradicional-feria-de-deseos-en-miniatura-a-20-paises\/","title":{"rendered":"Bolivia llevar\u00e1 su tradicional feria de deseos en miniatura a 20 pa\u00edses"},"content":{"rendered":"<p>La Alasita, la tradicional feria de los deseos en miniatura que se realiza este mes en La Paz, se celebrar\u00e1 de forma simult\u00e1nea en al menos 20 pa\u00edses, anunci\u00f3 la ministra de Cultura y Turismo de Bolivia, Wilma Alanoca. La Alasita, que en aimara significa \u2018c\u00f3mprame&#8217;, se realizar\u00e1 en pa\u00edses \u2018donde hay embajadas que representan a Bolivia&#8217; y donde exista comunidad boliviana, sostuvo la ministra a los medios.<\/p>\n<p>Seg\u00fan Alanoca, la iniciativa se llevar\u00e1 adelante en pa\u00edses como Argentina, Brasil, Chile, Per\u00fa, Espa\u00f1a y Jap\u00f3n, entre otros que celebrar\u00e1n esta festividad el pr\u00f3ximo 24 de enero, como es costumbre en La Paz, donde las personas compran miniaturas que representan sus sue\u00f1os y deseos para que se vuelvan realidad. \u2018El objetivo es que el mundo entero conozca que Bolivia tiene esta diversidad de sus manifestaciones culturales y que como bolivianos queremos compartir nuestras creencias&#8217;, enfatiz\u00f3 Alanoca.<\/p>\n<p>EFE<\/p>\n","protected":false},"excerpt":{"rendered":"<p>La Alasita, la tradicional feria de los deseos en miniatura <a href=\"https:\/\/sertv.gob.pa\/crisolfm\/bolivia-llevara-su-tradicional-feria-de-deseos-en-miniatura-a-20-paises\/\"> [&#8230;]<\/a><\/p>\n","protected":false},"author":64,"featured_media":16156,"comment_status":"closed","ping_status":"closed","sticky":false,"template":"","format":"standard","meta":{"footnotes":""},"categories":[6],"tags":[],"class_list":["post-16154","post","type-post","status-publish","format-standard","has-post-thumbnail","hentry","category-culturales"],"_links":{"self":[{"href":"https:\/\/sertv.gob.pa\/crisolfm\/wp-json\/wp\/v2\/posts\/16154","targetHints":{"allow":["GET"]}}],"collection":[{"href":"https:\/\/sertv.gob.pa\/crisolfm\/wp-json\/wp\/v2\/posts"}],"about":[{"href":"https:\/\/sertv.gob.pa\/crisolfm\/wp-json\/wp\/v2\/types\/post"}],"author":[{"embeddable":true,"href":"https:\/\/sertv.gob.pa\/crisolfm\/wp-json\/wp\/v2\/users\/64"}],"replies":[{"embeddable":true,"href":"https:\/\/sertv.gob.pa\/crisolfm\/wp-json\/wp\/v2\/comments?post=16154"}],"version-history":[{"count":1,"href":"https:\/\/sertv.gob.pa\/crisolfm\/wp-json\/wp\/v2\/posts\/16154\/revisions"}],"predecessor-version":[{"id":16157,"href":"https:\/\/sertv.gob.pa\/crisolfm\/wp-json\/wp\/v2\/posts\/16154\/revisions\/16157"}],"wp:featuredmedia":[{"embeddable":true,"href":"https:\/\/sertv.gob.pa\/crisolfm\/wp-json\/wp\/v2\/media\/16156"}],"wp:attachment":[{"href":"https:\/\/sertv.gob.pa\/crisolfm\/wp-json\/wp\/v2\/media?parent=16154"}],"wp:term":[{"taxonomy":"category","embeddable":true,"href":"https:\/\/sertv.gob.pa\/crisolfm\/wp-json\/wp\/v2\/categories?post=16154"},{"taxonomy":"post_tag","embeddable":true,"href":"https:\/\/sertv.gob.pa\/crisolfm\/wp-json\/wp\/v2\/tags?post=16154"}],"curies":[{"name":"wp","href":"https:\/\/api.w.org\/{rel}","templated":true}]}}