{"id":16164,"date":"2019-01-21T12:39:15","date_gmt":"2019-01-21T12:39:15","guid":{"rendered":"https:\/\/sertv.gob.pa\/crisolfm\/?p=16164"},"modified":"2019-01-21T12:39:15","modified_gmt":"2019-01-21T12:39:15","slug":"eventos-artisticos-religiosos-por-jmj-inician-este-martes","status":"publish","type":"post","link":"https:\/\/sertv.gob.pa\/crisolfm\/eventos-artisticos-religiosos-por-jmj-inician-este-martes\/","title":{"rendered":"Eventos art\u00edsticos-religiosos por JMJ inician este martes"},"content":{"rendered":"<p>Las actividades art\u00edsticas religiosas empezar\u00e1n desde ma\u00f1ana hasta el pr\u00f3ximo domingo 27 de enero junto a la JMJ. El Festival de la Juventud \u201cAl\u00e9grate\u201d se realizar\u00e1 del 22 al 25 de enero en diferentes puntos del pa\u00eds.<\/p>\n<p>El evento busca unir a los j\u00f3venes de todo el mundo, los cuales compartir\u00e1n sus talentos art\u00edsticos y religiosos. Igualmente hablar\u00e1n sobre sus experiencias. Durante esos d\u00edas tendr\u00e1n presentaciones teatrales, danza, m\u00fasica, exposiciones, conversatorios, debates y cine. Desde el jueves, las presentaciones art\u00edsticas en la Cinta Costera ser\u00e1n a partir de la 1:00 a 11:00 p.m., mientras, ma\u00f1ana y el mi\u00e9rcoles desde las 3:30 de la tarde.<\/p>\n<p>&nbsp;<\/p>\n<p>&nbsp;<\/p>\n","protected":false},"excerpt":{"rendered":"<p>Las actividades art\u00edsticas religiosas empezar\u00e1n desde ma\u00f1ana hasta el pr\u00f3ximo <a href=\"https:\/\/sertv.gob.pa\/crisolfm\/eventos-artisticos-religiosos-por-jmj-inician-este-martes\/\"> [&#8230;]<\/a><\/p>\n","protected":false},"author":64,"featured_media":16166,"comment_status":"closed","ping_status":"closed","sticky":false,"template":"","format":"standard","meta":{"footnotes":""},"categories":[6],"tags":[],"class_list":["post-16164","post","type-post","status-publish","format-standard","has-post-thumbnail","hentry","category-culturales"],"_links":{"self":[{"href":"https:\/\/sertv.gob.pa\/crisolfm\/wp-json\/wp\/v2\/posts\/16164","targetHints":{"allow":["GET"]}}],"collection":[{"href":"https:\/\/sertv.gob.pa\/crisolfm\/wp-json\/wp\/v2\/posts"}],"about":[{"href":"https:\/\/sertv.gob.pa\/crisolfm\/wp-json\/wp\/v2\/types\/post"}],"author":[{"embeddable":true,"href":"https:\/\/sertv.gob.pa\/crisolfm\/wp-json\/wp\/v2\/users\/64"}],"replies":[{"embeddable":true,"href":"https:\/\/sertv.gob.pa\/crisolfm\/wp-json\/wp\/v2\/comments?post=16164"}],"version-history":[{"count":1,"href":"https:\/\/sertv.gob.pa\/crisolfm\/wp-json\/wp\/v2\/posts\/16164\/revisions"}],"predecessor-version":[{"id":16167,"href":"https:\/\/sertv.gob.pa\/crisolfm\/wp-json\/wp\/v2\/posts\/16164\/revisions\/16167"}],"wp:featuredmedia":[{"embeddable":true,"href":"https:\/\/sertv.gob.pa\/crisolfm\/wp-json\/wp\/v2\/media\/16166"}],"wp:attachment":[{"href":"https:\/\/sertv.gob.pa\/crisolfm\/wp-json\/wp\/v2\/media?parent=16164"}],"wp:term":[{"taxonomy":"category","embeddable":true,"href":"https:\/\/sertv.gob.pa\/crisolfm\/wp-json\/wp\/v2\/categories?post=16164"},{"taxonomy":"post_tag","embeddable":true,"href":"https:\/\/sertv.gob.pa\/crisolfm\/wp-json\/wp\/v2\/tags?post=16164"}],"curies":[{"name":"wp","href":"https:\/\/api.w.org\/{rel}","templated":true}]}}