{"id":16211,"date":"2019-01-22T12:32:52","date_gmt":"2019-01-22T12:32:52","guid":{"rendered":"https:\/\/sertv.gob.pa\/crisolfm\/?p=16211"},"modified":"2019-01-22T12:32:52","modified_gmt":"2019-01-22T12:32:52","slug":"viene-en-el-mes-de-marzo-el-festival-internacional-de-artes-escenicas","status":"publish","type":"post","link":"https:\/\/sertv.gob.pa\/crisolfm\/viene-en-el-mes-de-marzo-el-festival-internacional-de-artes-escenicas\/","title":{"rendered":"Viene en el mes de marzo el Festival Internacional de Artes Esc\u00e9nicas"},"content":{"rendered":"<p>Con el inicio de este a\u00f1o la organizaci\u00f3n del Festival Internacional de Artes Esc\u00e9nicas \u2013 Panam\u00e1 2019 (FAE 19) enfila todas sus cargas hacia la presentaci\u00f3n de su novena edici\u00f3n, que se celebrar\u00e1 como una magna fiesta art\u00edstica y cultural del 14 al 20 de marzo pr\u00f3ximo, teniendo como escenarios\u00a0los teatros Balboa, Anita Villalaz, La Plaza, Teatro en C\u00edrculo, Inida y Gladys Vidal, espacios alternativos y espacios al aire libre, y con el patrocinio principal de la Alcald\u00eda de Panam\u00e1.<\/p>\n<p>El FAE 19 formar\u00e1 parte de las actividades organizadas para celebrar los 500 A\u00f1os de Fundaci\u00f3n de la ciudad de Panam\u00e1 y Panam\u00e1 Capital Iberoamericana de la Cultura por lo que se ha conformado una programaci\u00f3n de muy alto perfil art\u00edstico tanto internacional como nacional, apuntando a convertir el Festival en un evento masivo y popular, complementado con un ambicioso programa de actividades formativas para artistas y estudiantes de teatro y danza, lo mismo que para ni\u00f1os de los barrios populares.<\/p>\n<p>&nbsp;<\/p>\n<p>&nbsp;<\/p>\n","protected":false},"excerpt":{"rendered":"<p>Con el inicio de este a\u00f1o la organizaci\u00f3n del Festival <a href=\"https:\/\/sertv.gob.pa\/crisolfm\/viene-en-el-mes-de-marzo-el-festival-internacional-de-artes-escenicas\/\"> [&#8230;]<\/a><\/p>\n","protected":false},"author":64,"featured_media":16213,"comment_status":"closed","ping_status":"closed","sticky":false,"template":"","format":"standard","meta":{"footnotes":""},"categories":[6],"tags":[],"class_list":["post-16211","post","type-post","status-publish","format-standard","has-post-thumbnail","hentry","category-culturales"],"_links":{"self":[{"href":"https:\/\/sertv.gob.pa\/crisolfm\/wp-json\/wp\/v2\/posts\/16211","targetHints":{"allow":["GET"]}}],"collection":[{"href":"https:\/\/sertv.gob.pa\/crisolfm\/wp-json\/wp\/v2\/posts"}],"about":[{"href":"https:\/\/sertv.gob.pa\/crisolfm\/wp-json\/wp\/v2\/types\/post"}],"author":[{"embeddable":true,"href":"https:\/\/sertv.gob.pa\/crisolfm\/wp-json\/wp\/v2\/users\/64"}],"replies":[{"embeddable":true,"href":"https:\/\/sertv.gob.pa\/crisolfm\/wp-json\/wp\/v2\/comments?post=16211"}],"version-history":[{"count":1,"href":"https:\/\/sertv.gob.pa\/crisolfm\/wp-json\/wp\/v2\/posts\/16211\/revisions"}],"predecessor-version":[{"id":16214,"href":"https:\/\/sertv.gob.pa\/crisolfm\/wp-json\/wp\/v2\/posts\/16211\/revisions\/16214"}],"wp:featuredmedia":[{"embeddable":true,"href":"https:\/\/sertv.gob.pa\/crisolfm\/wp-json\/wp\/v2\/media\/16213"}],"wp:attachment":[{"href":"https:\/\/sertv.gob.pa\/crisolfm\/wp-json\/wp\/v2\/media?parent=16211"}],"wp:term":[{"taxonomy":"category","embeddable":true,"href":"https:\/\/sertv.gob.pa\/crisolfm\/wp-json\/wp\/v2\/categories?post=16211"},{"taxonomy":"post_tag","embeddable":true,"href":"https:\/\/sertv.gob.pa\/crisolfm\/wp-json\/wp\/v2\/tags?post=16211"}],"curies":[{"name":"wp","href":"https:\/\/api.w.org\/{rel}","templated":true}]}}