{"id":16215,"date":"2019-01-22T12:43:27","date_gmt":"2019-01-22T12:43:27","guid":{"rendered":"https:\/\/sertv.gob.pa\/crisolfm\/?p=16215"},"modified":"2019-01-22T12:43:27","modified_gmt":"2019-01-22T12:43:27","slug":"el-mensaje-del-mural-para-la-ultima-misa-del-papa-francisco","status":"publish","type":"post","link":"https:\/\/sertv.gob.pa\/crisolfm\/el-mensaje-del-mural-para-la-ultima-misa-del-papa-francisco\/","title":{"rendered":"El mensaje del mural para la \u00faltima misa del papa Francisco"},"content":{"rendered":"<p>Los pintores a cargo del mural que formar\u00e1 parte de la JMJ destacan la reflexi\u00f3n que intenta transmitir la obra en el \u00e1mbito de la cita religiosa. \u00a0Concentrada mirando el lienzo, con un delantal para no mancharse la ropa y en completo silencio, la paname\u00f1a Maritza Camargo desliza con agilidad el pincel sobre la tela en una peque\u00f1a sala reconvertida en taller de\u00a0pintura en ciudad de Panam\u00e1.<\/p>\n<p>La confecci\u00f3n del mural surge como una donaci\u00f3n art\u00edstica. Por un lado, los alumnos donaron su tiempo de clases con el maestro Delgado y su talento, y la tienda Artec cedi\u00f3 el material de alta calidad (60 litros de pintura acr\u00edlica).\u00a0 El grupo de pintores cont\u00f3 con artistas\u00a0en diferentes niveles de aprendizaje, pero todos expusieron el a\u00f1o pasado en Multiplaza los resultados del taller pict\u00f3rico con positivas y buenas apreciaciones del p\u00fablico. Incluso algunos vendieron all\u00ed sus obras. Una vez pase la JMJ, el mural ser\u00e1 desmontado y se eval\u00faa la posibilidad de colocarlo en un sitio fijo\u00a0\u00a0 para la apreciaci\u00f3n del p\u00fablico nacional.\u00a0 El mural presidir\u00e1 la \u00faltima misa que oficiar\u00e1 el papa Francisco durante la JMJ.<\/p>\n<p>AFP<\/p>\n","protected":false},"excerpt":{"rendered":"<p>Los pintores a cargo del mural que formar\u00e1 parte de <a href=\"https:\/\/sertv.gob.pa\/crisolfm\/el-mensaje-del-mural-para-la-ultima-misa-del-papa-francisco\/\"> [&#8230;]<\/a><\/p>\n","protected":false},"author":64,"featured_media":16217,"comment_status":"closed","ping_status":"closed","sticky":false,"template":"","format":"standard","meta":{"footnotes":""},"categories":[6],"tags":[],"class_list":["post-16215","post","type-post","status-publish","format-standard","has-post-thumbnail","hentry","category-culturales"],"_links":{"self":[{"href":"https:\/\/sertv.gob.pa\/crisolfm\/wp-json\/wp\/v2\/posts\/16215","targetHints":{"allow":["GET"]}}],"collection":[{"href":"https:\/\/sertv.gob.pa\/crisolfm\/wp-json\/wp\/v2\/posts"}],"about":[{"href":"https:\/\/sertv.gob.pa\/crisolfm\/wp-json\/wp\/v2\/types\/post"}],"author":[{"embeddable":true,"href":"https:\/\/sertv.gob.pa\/crisolfm\/wp-json\/wp\/v2\/users\/64"}],"replies":[{"embeddable":true,"href":"https:\/\/sertv.gob.pa\/crisolfm\/wp-json\/wp\/v2\/comments?post=16215"}],"version-history":[{"count":1,"href":"https:\/\/sertv.gob.pa\/crisolfm\/wp-json\/wp\/v2\/posts\/16215\/revisions"}],"predecessor-version":[{"id":16218,"href":"https:\/\/sertv.gob.pa\/crisolfm\/wp-json\/wp\/v2\/posts\/16215\/revisions\/16218"}],"wp:featuredmedia":[{"embeddable":true,"href":"https:\/\/sertv.gob.pa\/crisolfm\/wp-json\/wp\/v2\/media\/16217"}],"wp:attachment":[{"href":"https:\/\/sertv.gob.pa\/crisolfm\/wp-json\/wp\/v2\/media?parent=16215"}],"wp:term":[{"taxonomy":"category","embeddable":true,"href":"https:\/\/sertv.gob.pa\/crisolfm\/wp-json\/wp\/v2\/categories?post=16215"},{"taxonomy":"post_tag","embeddable":true,"href":"https:\/\/sertv.gob.pa\/crisolfm\/wp-json\/wp\/v2\/tags?post=16215"}],"curies":[{"name":"wp","href":"https:\/\/api.w.org\/{rel}","templated":true}]}}