{"id":16219,"date":"2019-01-22T12:52:46","date_gmt":"2019-01-22T12:52:46","guid":{"rendered":"https:\/\/sertv.gob.pa\/crisolfm\/?p=16219"},"modified":"2019-01-22T12:52:46","modified_gmt":"2019-01-22T12:52:46","slug":"el-surrealismo-de-salvador-dali","status":"publish","type":"post","link":"https:\/\/sertv.gob.pa\/crisolfm\/el-surrealismo-de-salvador-dali\/","title":{"rendered":"El surrealismo de Salvador Dal\u00ed"},"content":{"rendered":"<p>Luego de 30 a\u00f1os de su deceso, el 23 de enero de l989, la influencia de Salvador Dal\u00ed en la cultura iberoamericana es indiscutible, tras sus significativos aportes al arte, el cine y la literatura. El pintor barcelon\u00e9s se distingui\u00f3 por imprimir un estilo propio en cada una de sus creaciones.<\/p>\n<p>\u201cEn tu cabeza se comprime la belleza como si fuese una olla expr\u00e9s\u201d. As\u00ed describ\u00eda el grupo Mecano al pintor espa\u00f1ol Salvador Dal\u00ed, fallecido hace 30 a\u00f1os, despu\u00e9s de una parada cardiorrespiratoria en Figueras, con 84 a\u00f1os, en su casa de la localidad catalana de Figueres, mientras escuchaba Trist\u00e1n e Isolda, una de sus \u00f3peras favoritas de Richard Wagner.<\/p>\n<p>&nbsp;<\/p>\n<p>&nbsp;<\/p>\n","protected":false},"excerpt":{"rendered":"<p>Luego de 30 a\u00f1os de su deceso, el 23 de <a href=\"https:\/\/sertv.gob.pa\/crisolfm\/el-surrealismo-de-salvador-dali\/\"> [&#8230;]<\/a><\/p>\n","protected":false},"author":64,"featured_media":16222,"comment_status":"closed","ping_status":"closed","sticky":false,"template":"","format":"standard","meta":{"footnotes":""},"categories":[6],"tags":[],"class_list":["post-16219","post","type-post","status-publish","format-standard","has-post-thumbnail","hentry","category-culturales"],"_links":{"self":[{"href":"https:\/\/sertv.gob.pa\/crisolfm\/wp-json\/wp\/v2\/posts\/16219","targetHints":{"allow":["GET"]}}],"collection":[{"href":"https:\/\/sertv.gob.pa\/crisolfm\/wp-json\/wp\/v2\/posts"}],"about":[{"href":"https:\/\/sertv.gob.pa\/crisolfm\/wp-json\/wp\/v2\/types\/post"}],"author":[{"embeddable":true,"href":"https:\/\/sertv.gob.pa\/crisolfm\/wp-json\/wp\/v2\/users\/64"}],"replies":[{"embeddable":true,"href":"https:\/\/sertv.gob.pa\/crisolfm\/wp-json\/wp\/v2\/comments?post=16219"}],"version-history":[{"count":1,"href":"https:\/\/sertv.gob.pa\/crisolfm\/wp-json\/wp\/v2\/posts\/16219\/revisions"}],"predecessor-version":[{"id":16223,"href":"https:\/\/sertv.gob.pa\/crisolfm\/wp-json\/wp\/v2\/posts\/16219\/revisions\/16223"}],"wp:featuredmedia":[{"embeddable":true,"href":"https:\/\/sertv.gob.pa\/crisolfm\/wp-json\/wp\/v2\/media\/16222"}],"wp:attachment":[{"href":"https:\/\/sertv.gob.pa\/crisolfm\/wp-json\/wp\/v2\/media?parent=16219"}],"wp:term":[{"taxonomy":"category","embeddable":true,"href":"https:\/\/sertv.gob.pa\/crisolfm\/wp-json\/wp\/v2\/categories?post=16219"},{"taxonomy":"post_tag","embeddable":true,"href":"https:\/\/sertv.gob.pa\/crisolfm\/wp-json\/wp\/v2\/tags?post=16219"}],"curies":[{"name":"wp","href":"https:\/\/api.w.org\/{rel}","templated":true}]}}