{"id":16224,"date":"2019-01-22T13:10:18","date_gmt":"2019-01-22T13:10:18","guid":{"rendered":"https:\/\/sertv.gob.pa\/crisolfm\/?p=16224"},"modified":"2019-01-22T13:10:18","modified_gmt":"2019-01-22T13:10:18","slug":"cantaran-himno-por-la-paz-para-ponerle-sabor-a-la-jmj","status":"publish","type":"post","link":"https:\/\/sertv.gob.pa\/crisolfm\/cantaran-himno-por-la-paz-para-ponerle-sabor-a-la-jmj\/","title":{"rendered":"Cantar\u00e1n \u201cHimno por la paz\u201d para ponerle sabor a la JMJ"},"content":{"rendered":"<p>Tras la ceremonia de apertura que auspiciar\u00e1 Monse\u00f1or Jos\u00e9 Domingo Ulloa en la Cinta Costera, espacio conocido por estos d\u00edas como Campo Santa Mar\u00eda La Antigua, artistas paname\u00f1os le pondr\u00e1n sabor a la JMM en la tarde de hoy.<\/p>\n<p>Ricardo y Alberto Gait\u00e1n, Any Tovar, Manuel Ara\u00faz, Rafael Moreno, Karen Peralta, Iv\u00e1n Barrios, Emilio Regueira, Manuel Corredera, Mario Spinali, Margarita Henr\u00edquez, entre otros, subir\u00e1n al escenario para interpretar \u201cHimno por la paz\u201d, canci\u00f3n escrita por el publicista \u00c1lvaro Regueira, en honor a esta actividad. Los m\u00fasicos han manifestado a trav\u00e9s de sus redes sociales su alegr\u00eda de formar parte de esta celebraci\u00f3n y se sienten honrados de poder brindar su talento.<\/p>\n<p>&nbsp;<\/p>\n","protected":false},"excerpt":{"rendered":"<p>Tras la ceremonia de apertura que auspiciar\u00e1 Monse\u00f1or Jos\u00e9 Domingo <a href=\"https:\/\/sertv.gob.pa\/crisolfm\/cantaran-himno-por-la-paz-para-ponerle-sabor-a-la-jmj\/\"> [&#8230;]<\/a><\/p>\n","protected":false},"author":64,"featured_media":16226,"comment_status":"closed","ping_status":"closed","sticky":false,"template":"","format":"standard","meta":{"footnotes":""},"categories":[6],"tags":[],"class_list":["post-16224","post","type-post","status-publish","format-standard","has-post-thumbnail","hentry","category-culturales"],"_links":{"self":[{"href":"https:\/\/sertv.gob.pa\/crisolfm\/wp-json\/wp\/v2\/posts\/16224","targetHints":{"allow":["GET"]}}],"collection":[{"href":"https:\/\/sertv.gob.pa\/crisolfm\/wp-json\/wp\/v2\/posts"}],"about":[{"href":"https:\/\/sertv.gob.pa\/crisolfm\/wp-json\/wp\/v2\/types\/post"}],"author":[{"embeddable":true,"href":"https:\/\/sertv.gob.pa\/crisolfm\/wp-json\/wp\/v2\/users\/64"}],"replies":[{"embeddable":true,"href":"https:\/\/sertv.gob.pa\/crisolfm\/wp-json\/wp\/v2\/comments?post=16224"}],"version-history":[{"count":1,"href":"https:\/\/sertv.gob.pa\/crisolfm\/wp-json\/wp\/v2\/posts\/16224\/revisions"}],"predecessor-version":[{"id":16227,"href":"https:\/\/sertv.gob.pa\/crisolfm\/wp-json\/wp\/v2\/posts\/16224\/revisions\/16227"}],"wp:featuredmedia":[{"embeddable":true,"href":"https:\/\/sertv.gob.pa\/crisolfm\/wp-json\/wp\/v2\/media\/16226"}],"wp:attachment":[{"href":"https:\/\/sertv.gob.pa\/crisolfm\/wp-json\/wp\/v2\/media?parent=16224"}],"wp:term":[{"taxonomy":"category","embeddable":true,"href":"https:\/\/sertv.gob.pa\/crisolfm\/wp-json\/wp\/v2\/categories?post=16224"},{"taxonomy":"post_tag","embeddable":true,"href":"https:\/\/sertv.gob.pa\/crisolfm\/wp-json\/wp\/v2\/tags?post=16224"}],"curies":[{"name":"wp","href":"https:\/\/api.w.org\/{rel}","templated":true}]}}