{"id":16269,"date":"2019-01-23T12:40:32","date_gmt":"2019-01-23T12:40:32","guid":{"rendered":"https:\/\/sertv.gob.pa\/crisolfm\/?p=16269"},"modified":"2019-01-23T12:40:32","modified_gmt":"2019-01-23T12:40:32","slug":"xxxviii-feria-de-la-naranja-en-penonome","status":"publish","type":"post","link":"https:\/\/sertv.gob.pa\/crisolfm\/xxxviii-feria-de-la-naranja-en-penonome\/","title":{"rendered":"XXXVIII Feria de la Naranja en Penonom\u00e9"},"content":{"rendered":"<p>Melany Aracellys Velasco Garc\u00eda, reina de la XXXVIII Feria de la Naranja, invita a su gala de coronaci\u00f3n e inauguraci\u00f3n de este evento t\u00edpico, a realizarse en Penonom\u00e9, provincia de Cocl\u00e9.<\/p>\n<p>Productores y artesanos del \u00e1rea norte de esta provincia expondr\u00e1n la riqueza agr\u00edcola, tur\u00edstica y cultural del sitio. <strong>Esta Feria se desarrollar\u00e1 del 31 de enero al 3 de febrero de 2019.<\/strong><\/p>\n<p>&nbsp;<\/p>\n","protected":false},"excerpt":{"rendered":"<p>Melany Aracellys Velasco Garc\u00eda, reina de la XXXVIII Feria de <a href=\"https:\/\/sertv.gob.pa\/crisolfm\/xxxviii-feria-de-la-naranja-en-penonome\/\"> [&#8230;]<\/a><\/p>\n","protected":false},"author":64,"featured_media":16271,"comment_status":"closed","ping_status":"closed","sticky":false,"template":"","format":"standard","meta":{"footnotes":""},"categories":[6],"tags":[],"class_list":["post-16269","post","type-post","status-publish","format-standard","has-post-thumbnail","hentry","category-culturales"],"_links":{"self":[{"href":"https:\/\/sertv.gob.pa\/crisolfm\/wp-json\/wp\/v2\/posts\/16269","targetHints":{"allow":["GET"]}}],"collection":[{"href":"https:\/\/sertv.gob.pa\/crisolfm\/wp-json\/wp\/v2\/posts"}],"about":[{"href":"https:\/\/sertv.gob.pa\/crisolfm\/wp-json\/wp\/v2\/types\/post"}],"author":[{"embeddable":true,"href":"https:\/\/sertv.gob.pa\/crisolfm\/wp-json\/wp\/v2\/users\/64"}],"replies":[{"embeddable":true,"href":"https:\/\/sertv.gob.pa\/crisolfm\/wp-json\/wp\/v2\/comments?post=16269"}],"version-history":[{"count":1,"href":"https:\/\/sertv.gob.pa\/crisolfm\/wp-json\/wp\/v2\/posts\/16269\/revisions"}],"predecessor-version":[{"id":16272,"href":"https:\/\/sertv.gob.pa\/crisolfm\/wp-json\/wp\/v2\/posts\/16269\/revisions\/16272"}],"wp:featuredmedia":[{"embeddable":true,"href":"https:\/\/sertv.gob.pa\/crisolfm\/wp-json\/wp\/v2\/media\/16271"}],"wp:attachment":[{"href":"https:\/\/sertv.gob.pa\/crisolfm\/wp-json\/wp\/v2\/media?parent=16269"}],"wp:term":[{"taxonomy":"category","embeddable":true,"href":"https:\/\/sertv.gob.pa\/crisolfm\/wp-json\/wp\/v2\/categories?post=16269"},{"taxonomy":"post_tag","embeddable":true,"href":"https:\/\/sertv.gob.pa\/crisolfm\/wp-json\/wp\/v2\/tags?post=16269"}],"curies":[{"name":"wp","href":"https:\/\/api.w.org\/{rel}","templated":true}]}}