{"id":16319,"date":"2019-01-23T16:13:19","date_gmt":"2019-01-23T16:13:19","guid":{"rendered":"https:\/\/sertv.gob.pa\/crisolfm\/?p=16319"},"modified":"2019-01-23T16:13:19","modified_gmt":"2019-01-23T16:13:19","slug":"algunos-artistas-que-participaran-en-la-jmj-2019","status":"publish","type":"post","link":"https:\/\/sertv.gob.pa\/crisolfm\/algunos-artistas-que-participaran-en-la-jmj-2019\/","title":{"rendered":"Algunos artistas que participar\u00e1n en la JMJ 2019"},"content":{"rendered":"<p>Al menos 300 mil j\u00f3venes de todo el mundo participar\u00e1n en la Jornada Mundial de la Juventud de Panam\u00e1. Y por supuesto, no faltar\u00e1 la m\u00fasica. La organizaci\u00f3n ha convocado a m\u00e1s de 200 artistas de 46 pa\u00edses. Entre ellos, Nico Fern\u00e1ndez, que ser\u00e1 su tercera JMJ. La primera fue en R\u00edo de Janeiro y la segunda en Cracovia. Adem\u00e1s, es uno de los int\u00e9rpretes del himno oficial de esta edici\u00f3n. El lema de esta Jornada es \u201cHe aqu\u00ed la sierva del Se\u00f1or; h\u00e1gase en m\u00ed seg\u00fan tu Palabra\u201d. La cantante argentina Athenas pone melod\u00eda a esta frase con varias canciones. Ella actuar\u00e1 el jueves 24 en la cinta costera luego de la ceremonia de bienvenida al Papa.<\/p>\n<p>La banda colombiana IXTHYS compartir\u00e1 por primera vez su ritmo tropical con j\u00f3venes de todo el mundo. Desean que sea un momento para que todos conozcan mejor a Dios a trav\u00e9s de la m\u00fasica. El venezolano Miguel Idrogo quiere tocar el coraz\u00f3n de los participantes con su m\u00fasica. Les va a hablar de amor, pero de amor de Dios. Manifiesta que en Panam\u00e1 presentar\u00e1 su segundo disco. La dominicana Kairy Marquez est\u00e1 convencida del valor de expresar la fe por medio de la m\u00fasica, y no vivirla solo en casa o en las parroquias. Adem\u00e1s de cantar sus oraciones con tonos country, compartir\u00e1 sus aventuras en la JMJ en un canal de YouTube. Como la JMJ es un encuentro internacional, participar\u00e1n artistas de todos los continentes. La lista definitiva se dar\u00e1 a conocer en unos d\u00edas.<\/p>\n<p>&nbsp;<\/p>\n","protected":false},"excerpt":{"rendered":"<p>Al menos 300 mil j\u00f3venes de todo el mundo participar\u00e1n <a href=\"https:\/\/sertv.gob.pa\/crisolfm\/algunos-artistas-que-participaran-en-la-jmj-2019\/\"> [&#8230;]<\/a><\/p>\n","protected":false},"author":64,"featured_media":16321,"comment_status":"closed","ping_status":"closed","sticky":false,"template":"","format":"standard","meta":{"footnotes":""},"categories":[6],"tags":[],"class_list":["post-16319","post","type-post","status-publish","format-standard","has-post-thumbnail","hentry","category-culturales"],"_links":{"self":[{"href":"https:\/\/sertv.gob.pa\/crisolfm\/wp-json\/wp\/v2\/posts\/16319","targetHints":{"allow":["GET"]}}],"collection":[{"href":"https:\/\/sertv.gob.pa\/crisolfm\/wp-json\/wp\/v2\/posts"}],"about":[{"href":"https:\/\/sertv.gob.pa\/crisolfm\/wp-json\/wp\/v2\/types\/post"}],"author":[{"embeddable":true,"href":"https:\/\/sertv.gob.pa\/crisolfm\/wp-json\/wp\/v2\/users\/64"}],"replies":[{"embeddable":true,"href":"https:\/\/sertv.gob.pa\/crisolfm\/wp-json\/wp\/v2\/comments?post=16319"}],"version-history":[{"count":1,"href":"https:\/\/sertv.gob.pa\/crisolfm\/wp-json\/wp\/v2\/posts\/16319\/revisions"}],"predecessor-version":[{"id":16322,"href":"https:\/\/sertv.gob.pa\/crisolfm\/wp-json\/wp\/v2\/posts\/16319\/revisions\/16322"}],"wp:featuredmedia":[{"embeddable":true,"href":"https:\/\/sertv.gob.pa\/crisolfm\/wp-json\/wp\/v2\/media\/16321"}],"wp:attachment":[{"href":"https:\/\/sertv.gob.pa\/crisolfm\/wp-json\/wp\/v2\/media?parent=16319"}],"wp:term":[{"taxonomy":"category","embeddable":true,"href":"https:\/\/sertv.gob.pa\/crisolfm\/wp-json\/wp\/v2\/categories?post=16319"},{"taxonomy":"post_tag","embeddable":true,"href":"https:\/\/sertv.gob.pa\/crisolfm\/wp-json\/wp\/v2\/tags?post=16319"}],"curies":[{"name":"wp","href":"https:\/\/api.w.org\/{rel}","templated":true}]}}