{"id":16327,"date":"2019-01-24T12:48:51","date_gmt":"2019-01-24T12:48:51","guid":{"rendered":"https:\/\/sertv.gob.pa\/crisolfm\/?p=16327"},"modified":"2019-01-24T12:48:51","modified_gmt":"2019-01-24T12:48:51","slug":"de-juan-pablo-ii-a-francisco-2-visitas-papales-que-marcan-la-historia","status":"publish","type":"post","link":"https:\/\/sertv.gob.pa\/crisolfm\/de-juan-pablo-ii-a-francisco-2-visitas-papales-que-marcan-la-historia\/","title":{"rendered":"De Juan Pablo II a Francisco, 2 visitas papales que marcan la historia"},"content":{"rendered":"<p>Tuvieron que pasar 36 a\u00f1os <strong>para que otro papa pisara tierras paname\u00f1as<\/strong>.<strong> Juan Pablo II y Francisco se caracterizan por tener estilos distintos<\/strong>, aunque con importantes similitudes. Desde su llegada al aeropuerto internacional de Tocumen ambos marcaron lo que ser\u00eda su visita a Panam\u00e1.<\/p>\n<p>El s\u00e1bado 5 de marzo de 1983, el \u201cpapa viajero\u201d <strong>Juan Pablo II bes\u00f3 el suelo paname\u00f1o<\/strong> a las 9:30 de la ma\u00f1ana, como parte de una costumbre personal que \u00e9l instaur\u00f3 cada vez que visitaba un pa\u00eds, por encima del r\u00edgido protocolo vigente hist\u00f3ricamente en El Vaticano. Francisco tambi\u00e9n rompi\u00f3 el protocolo cuando lleg\u00f3 a Tocumen este mi\u00e9rcoles 23 de marzo de 2019 a las 4:15 de la tarde. El escenario de ambas visitas era muy parecido, a pesar de los 36 a\u00f1os transcurridos. El breve acto de recibimiento con la presencia del Presidente de la Rep\u00fablica, el canto de los himnos de Panam\u00e1 y El Vaticano y <strong>los bailes aut\u00f3ctonos interpretados por ni\u00f1os<\/strong>.<\/p>\n<p>&nbsp;<\/p>\n","protected":false},"excerpt":{"rendered":"<p>Tuvieron que pasar 36 a\u00f1os para que otro papa pisara <a href=\"https:\/\/sertv.gob.pa\/crisolfm\/de-juan-pablo-ii-a-francisco-2-visitas-papales-que-marcan-la-historia\/\"> [&#8230;]<\/a><\/p>\n","protected":false},"author":64,"featured_media":16329,"comment_status":"closed","ping_status":"closed","sticky":false,"template":"","format":"standard","meta":{"footnotes":""},"categories":[6],"tags":[],"class_list":["post-16327","post","type-post","status-publish","format-standard","has-post-thumbnail","hentry","category-culturales"],"_links":{"self":[{"href":"https:\/\/sertv.gob.pa\/crisolfm\/wp-json\/wp\/v2\/posts\/16327","targetHints":{"allow":["GET"]}}],"collection":[{"href":"https:\/\/sertv.gob.pa\/crisolfm\/wp-json\/wp\/v2\/posts"}],"about":[{"href":"https:\/\/sertv.gob.pa\/crisolfm\/wp-json\/wp\/v2\/types\/post"}],"author":[{"embeddable":true,"href":"https:\/\/sertv.gob.pa\/crisolfm\/wp-json\/wp\/v2\/users\/64"}],"replies":[{"embeddable":true,"href":"https:\/\/sertv.gob.pa\/crisolfm\/wp-json\/wp\/v2\/comments?post=16327"}],"version-history":[{"count":1,"href":"https:\/\/sertv.gob.pa\/crisolfm\/wp-json\/wp\/v2\/posts\/16327\/revisions"}],"predecessor-version":[{"id":16330,"href":"https:\/\/sertv.gob.pa\/crisolfm\/wp-json\/wp\/v2\/posts\/16327\/revisions\/16330"}],"wp:featuredmedia":[{"embeddable":true,"href":"https:\/\/sertv.gob.pa\/crisolfm\/wp-json\/wp\/v2\/media\/16329"}],"wp:attachment":[{"href":"https:\/\/sertv.gob.pa\/crisolfm\/wp-json\/wp\/v2\/media?parent=16327"}],"wp:term":[{"taxonomy":"category","embeddable":true,"href":"https:\/\/sertv.gob.pa\/crisolfm\/wp-json\/wp\/v2\/categories?post=16327"},{"taxonomy":"post_tag","embeddable":true,"href":"https:\/\/sertv.gob.pa\/crisolfm\/wp-json\/wp\/v2\/tags?post=16327"}],"curies":[{"name":"wp","href":"https:\/\/api.w.org\/{rel}","templated":true}]}}