{"id":16350,"date":"2019-01-24T14:01:46","date_gmt":"2019-01-24T14:01:46","guid":{"rendered":"https:\/\/sertv.gob.pa\/crisolfm\/?p=16350"},"modified":"2019-01-24T14:01:46","modified_gmt":"2019-01-24T14:01:46","slug":"madrid-celebra-el-dia-mundial-de-la-educacion-ambiental","status":"publish","type":"post","link":"https:\/\/sertv.gob.pa\/crisolfm\/madrid-celebra-el-dia-mundial-de-la-educacion-ambiental\/","title":{"rendered":"Madrid celebra el D\u00eda Mundial de la Educaci\u00f3n Ambiental"},"content":{"rendered":"<ul>\n<li>Montar un huerto ecol\u00f3gico en un recipiente, anillar aves, conocer las aves nocturnas o disfrutar de rutas guiadas, son algunas de las propuestas<\/li>\n<li>Adem\u00e1s, el programa de actividades H\u00e1bitat Madrid tambi\u00e9n ofrece rutas guiadas por el Jard\u00edn de El Capricho y la Quinta de Torre Arias<\/li>\n<li>La efem\u00e9ride se conmemora el 26 de enero, coincidiendo con la celebraci\u00f3n, en 1975, de un seminario desarrollado en Belgrado, donde participaron expertos de m\u00e1s de 70 pa\u00edses que establecieron los principios de la Educaci\u00f3n Ambiental en el marco de los programas de las Naciones Unidas<\/li>\n<\/ul>\n<p>El \u00c1rea de Gobierno de Medio Ambiente y Movilidad, a trav\u00e9s del departamento de Educaci\u00f3n Ambiental, trabaja durante todo el a\u00f1o para fomentar la educaci\u00f3n y sensibilizaci\u00f3n de los ciudadanos en materia medioambiental, con el prop\u00f3sito de conservar y mejorar el patrimonio natural de la ciudad. Dentro del amplio programa de actividades que ofrece el Ayuntamiento, a trav\u00e9s del <a href=\"https:\/\/www.madrid.es\/UnidadesDescentralizadas\/Educacion_Ambiental\/EspecialesInformativos\/HabitatMadrid\/ficheros\/Programa%20Invierno%202019%20Habitat%20Madrid.pdf\" target=\"_blank\" rel=\"noopener\">Programa H\u00e1bitat Madrid<\/a>, los centros de informaci\u00f3n y educaci\u00f3n ambiental extienden su agenda habitual con motivo del D\u00eda Mundial de la Educaci\u00f3n Ambiental que se celebra este s\u00e1bado, 26 de enero.<\/p>\n<p>ECOticias<\/p>\n","protected":false},"excerpt":{"rendered":"<p>Montar un huerto ecol\u00f3gico en un recipiente, anillar aves, conocer <a href=\"https:\/\/sertv.gob.pa\/crisolfm\/madrid-celebra-el-dia-mundial-de-la-educacion-ambiental\/\"> [&#8230;]<\/a><\/p>\n","protected":false},"author":64,"featured_media":16352,"comment_status":"closed","ping_status":"closed","sticky":false,"template":"","format":"standard","meta":{"footnotes":""},"categories":[7],"tags":[],"class_list":["post-16350","post","type-post","status-publish","format-standard","has-post-thumbnail","hentry","category-ecologicas"],"_links":{"self":[{"href":"https:\/\/sertv.gob.pa\/crisolfm\/wp-json\/wp\/v2\/posts\/16350","targetHints":{"allow":["GET"]}}],"collection":[{"href":"https:\/\/sertv.gob.pa\/crisolfm\/wp-json\/wp\/v2\/posts"}],"about":[{"href":"https:\/\/sertv.gob.pa\/crisolfm\/wp-json\/wp\/v2\/types\/post"}],"author":[{"embeddable":true,"href":"https:\/\/sertv.gob.pa\/crisolfm\/wp-json\/wp\/v2\/users\/64"}],"replies":[{"embeddable":true,"href":"https:\/\/sertv.gob.pa\/crisolfm\/wp-json\/wp\/v2\/comments?post=16350"}],"version-history":[{"count":1,"href":"https:\/\/sertv.gob.pa\/crisolfm\/wp-json\/wp\/v2\/posts\/16350\/revisions"}],"predecessor-version":[{"id":16353,"href":"https:\/\/sertv.gob.pa\/crisolfm\/wp-json\/wp\/v2\/posts\/16350\/revisions\/16353"}],"wp:featuredmedia":[{"embeddable":true,"href":"https:\/\/sertv.gob.pa\/crisolfm\/wp-json\/wp\/v2\/media\/16352"}],"wp:attachment":[{"href":"https:\/\/sertv.gob.pa\/crisolfm\/wp-json\/wp\/v2\/media?parent=16350"}],"wp:term":[{"taxonomy":"category","embeddable":true,"href":"https:\/\/sertv.gob.pa\/crisolfm\/wp-json\/wp\/v2\/categories?post=16350"},{"taxonomy":"post_tag","embeddable":true,"href":"https:\/\/sertv.gob.pa\/crisolfm\/wp-json\/wp\/v2\/tags?post=16350"}],"curies":[{"name":"wp","href":"https:\/\/api.w.org\/{rel}","templated":true}]}}