{"id":16378,"date":"2019-01-24T15:01:16","date_gmt":"2019-01-24T15:01:16","guid":{"rendered":"https:\/\/sertv.gob.pa\/crisolfm\/?p=16378"},"modified":"2019-01-24T15:01:16","modified_gmt":"2019-01-24T15:01:16","slug":"costa-rica-llevara-filme-el-despertar-de-las-hormigas-al-festival-de-berlin","status":"publish","type":"post","link":"https:\/\/sertv.gob.pa\/crisolfm\/costa-rica-llevara-filme-el-despertar-de-las-hormigas-al-festival-de-berlin\/","title":{"rendered":"Costa Rica llevar\u00e1 filme \u00abEl despertar de las hormigas\u00bb al Festival de Berl\u00edn"},"content":{"rendered":"<p>La pel\u00edcula costarricense \u00abEl despertar de las hormigas\u00bb, dirigida por Antonella Sudasassi Furniss, fue seleccionada para participar en el Festival Internacional de\u00a0Cine\u00a0de Berl\u00edn (Berlinale), inform\u00f3 este mi\u00e9rcoles la productora. Mediante un tratamiento de car\u00e1cter \u00edntimo y naturalista, la pel\u00edcula explora c\u00f3mo ciertas relaciones familiares entretejen expectativas hacia las mujeres y retrata los roles de g\u00e9nero naturalizados en la sociedad.<\/p>\n<p>\u00abLa presencia de la pel\u00edcula en la Berlinale es una opci\u00f3n de generar inter\u00e9s en la industria internacional, lo que fortalece que la pel\u00edcula llegue a un p\u00fablico cada vez m\u00e1s amplio\u00bb, expres\u00f3 la productora de la cinta, Amaya Izquierdo. La pel\u00edcula participar\u00e1 en la secci\u00f3n Forum, que est\u00e1 dedicada espec\u00edficamente a propuestas de alto contenido art\u00edstico y social. Seg\u00fan el propio festival, exhibe pel\u00edculas que buscan crear un marco discursivo de car\u00e1cter deliberadamente internacional que tenga el potencial de captar nuevamente el\u00a0cine\u00a0y cambiarlo de manera duradera.<\/p>\n<p>EFE<\/p>\n<p>&nbsp;<\/p>\n","protected":false},"excerpt":{"rendered":"<p>La pel\u00edcula costarricense \u00abEl despertar de las hormigas\u00bb, dirigida por <a href=\"https:\/\/sertv.gob.pa\/crisolfm\/costa-rica-llevara-filme-el-despertar-de-las-hormigas-al-festival-de-berlin\/\"> [&#8230;]<\/a><\/p>\n","protected":false},"author":64,"featured_media":16380,"comment_status":"closed","ping_status":"closed","sticky":false,"template":"","format":"standard","meta":{"footnotes":""},"categories":[6],"tags":[],"class_list":["post-16378","post","type-post","status-publish","format-standard","has-post-thumbnail","hentry","category-culturales"],"_links":{"self":[{"href":"https:\/\/sertv.gob.pa\/crisolfm\/wp-json\/wp\/v2\/posts\/16378","targetHints":{"allow":["GET"]}}],"collection":[{"href":"https:\/\/sertv.gob.pa\/crisolfm\/wp-json\/wp\/v2\/posts"}],"about":[{"href":"https:\/\/sertv.gob.pa\/crisolfm\/wp-json\/wp\/v2\/types\/post"}],"author":[{"embeddable":true,"href":"https:\/\/sertv.gob.pa\/crisolfm\/wp-json\/wp\/v2\/users\/64"}],"replies":[{"embeddable":true,"href":"https:\/\/sertv.gob.pa\/crisolfm\/wp-json\/wp\/v2\/comments?post=16378"}],"version-history":[{"count":1,"href":"https:\/\/sertv.gob.pa\/crisolfm\/wp-json\/wp\/v2\/posts\/16378\/revisions"}],"predecessor-version":[{"id":16381,"href":"https:\/\/sertv.gob.pa\/crisolfm\/wp-json\/wp\/v2\/posts\/16378\/revisions\/16381"}],"wp:featuredmedia":[{"embeddable":true,"href":"https:\/\/sertv.gob.pa\/crisolfm\/wp-json\/wp\/v2\/media\/16380"}],"wp:attachment":[{"href":"https:\/\/sertv.gob.pa\/crisolfm\/wp-json\/wp\/v2\/media?parent=16378"}],"wp:term":[{"taxonomy":"category","embeddable":true,"href":"https:\/\/sertv.gob.pa\/crisolfm\/wp-json\/wp\/v2\/categories?post=16378"},{"taxonomy":"post_tag","embeddable":true,"href":"https:\/\/sertv.gob.pa\/crisolfm\/wp-json\/wp\/v2\/tags?post=16378"}],"curies":[{"name":"wp","href":"https:\/\/api.w.org\/{rel}","templated":true}]}}