{"id":16382,"date":"2019-01-24T15:07:40","date_gmt":"2019-01-24T15:07:40","guid":{"rendered":"https:\/\/sertv.gob.pa\/crisolfm\/?p=16382"},"modified":"2019-01-24T15:07:40","modified_gmt":"2019-01-24T15:07:40","slug":"el-lado-oscuro-de-dali-egolatra-simpatizante-del-fascismo-y-cobarde","status":"publish","type":"post","link":"https:\/\/sertv.gob.pa\/crisolfm\/el-lado-oscuro-de-dali-egolatra-simpatizante-del-fascismo-y-cobarde\/","title":{"rendered":"El lado oscuro de Dal\u00ed: \u00abEg\u00f3latra, simpatizante del fascismo y cobarde\u00bb"},"content":{"rendered":"<p>Ayer, pero hace 30 a\u00f1os, el 23 de enero de 1989, falleci\u00f3 el autodesignado \u00absurrealismo\u00bb, puesto que Salvador Dal\u00ed dijo: <strong>\u00abYo soy el surrealismo\u00bb.<\/strong> El famoso pintor, uno de los m\u00e1s importantes de la historia reciente de Espa\u00f1a, tambi\u00e9n fue conocido por sus provocaciones, su elocuencia deslenguada y por su lado oscuro y <a href=\"https:\/\/www.abc.es\/cultura\/arte\/abci-dali-visto-si-mismo-unico-genio-y-santo-201901231224_noticia.html\" target=\"_blank\" rel=\"noopener\">que en este caso no estaba demasiado oculto <\/a>(sobre todo su proverbial avaricia, sobre la que \u00e9l mismo reflexion\u00f3).<\/p>\n<p>\u00abUn <strong>eg\u00f3latra, simpatizante del fascismo, pesetero, reprimido sexual,<\/strong> aprovechado, cobarde, falsificador, avaro, acomodado y estafador, pero tambi\u00e9n un fascinante precursor de la cultura de masas&#8230; El primer gran artista que compagin\u00f3 rendimiento con la calidad\u00bb, en palabras de Malcolm Otero y Santi Gim\u00e9nez en su libro \u00abEl club de los execrables\u00bb que le dedicaron a su tan controvertida como reverenciada figura un cap\u00edtulo. De hecho, dicen: <strong>\u00abUn se\u00f1or tan genial que es absolutamente indescifrable,<\/strong> un personaje tan execrable como sensacional\u00bb. Dal\u00ed le regal\u00f3 un preservativo con semen a su padre dici\u00e9ndole: <strong>\u00abYa no te debo nada\u00bb,<\/strong> as\u00ed se las gastaba Salvador que estaba enemistado con su progenitor que no aprobaba su relaci\u00f3n con Gala, a la que denominada<strong> \u00abEsa suripanta drogadicta de Rusia\u00bb. <\/strong>Por otro lado, no es nada desconocido su amor propio y ganas infinitas de llamar la atenci\u00f3n. Algunas frases para el recuerdo: \u00abLas dos cosas m\u00e1s afortunadas que pueden acontecer a un pintor son: primero, ser espa\u00f1ol, y segundo, llamarse Dal\u00ed. Ambas han convergido en mi persona\u00bb. O directamente yendo a por todas con humor (suponemos): \u00abMe considero uno de los padres de la humanidad\u00bb.<\/p>\n<p>ABC Cultura<\/p>\n","protected":false},"excerpt":{"rendered":"<p>Ayer, pero hace 30 a\u00f1os, el 23 de enero de <a href=\"https:\/\/sertv.gob.pa\/crisolfm\/el-lado-oscuro-de-dali-egolatra-simpatizante-del-fascismo-y-cobarde\/\"> [&#8230;]<\/a><\/p>\n","protected":false},"author":64,"featured_media":16385,"comment_status":"closed","ping_status":"closed","sticky":false,"template":"","format":"standard","meta":{"footnotes":""},"categories":[6],"tags":[],"class_list":["post-16382","post","type-post","status-publish","format-standard","has-post-thumbnail","hentry","category-culturales"],"_links":{"self":[{"href":"https:\/\/sertv.gob.pa\/crisolfm\/wp-json\/wp\/v2\/posts\/16382","targetHints":{"allow":["GET"]}}],"collection":[{"href":"https:\/\/sertv.gob.pa\/crisolfm\/wp-json\/wp\/v2\/posts"}],"about":[{"href":"https:\/\/sertv.gob.pa\/crisolfm\/wp-json\/wp\/v2\/types\/post"}],"author":[{"embeddable":true,"href":"https:\/\/sertv.gob.pa\/crisolfm\/wp-json\/wp\/v2\/users\/64"}],"replies":[{"embeddable":true,"href":"https:\/\/sertv.gob.pa\/crisolfm\/wp-json\/wp\/v2\/comments?post=16382"}],"version-history":[{"count":1,"href":"https:\/\/sertv.gob.pa\/crisolfm\/wp-json\/wp\/v2\/posts\/16382\/revisions"}],"predecessor-version":[{"id":16386,"href":"https:\/\/sertv.gob.pa\/crisolfm\/wp-json\/wp\/v2\/posts\/16382\/revisions\/16386"}],"wp:featuredmedia":[{"embeddable":true,"href":"https:\/\/sertv.gob.pa\/crisolfm\/wp-json\/wp\/v2\/media\/16385"}],"wp:attachment":[{"href":"https:\/\/sertv.gob.pa\/crisolfm\/wp-json\/wp\/v2\/media?parent=16382"}],"wp:term":[{"taxonomy":"category","embeddable":true,"href":"https:\/\/sertv.gob.pa\/crisolfm\/wp-json\/wp\/v2\/categories?post=16382"},{"taxonomy":"post_tag","embeddable":true,"href":"https:\/\/sertv.gob.pa\/crisolfm\/wp-json\/wp\/v2\/tags?post=16382"}],"curies":[{"name":"wp","href":"https:\/\/api.w.org\/{rel}","templated":true}]}}