{"id":16392,"date":"2019-01-24T18:22:20","date_gmt":"2019-01-24T18:22:20","guid":{"rendered":"https:\/\/sertv.gob.pa\/crisolfm\/?p=16392"},"modified":"2019-01-24T18:22:20","modified_gmt":"2019-01-24T18:22:20","slug":"durante-la-jmj-y-la-feria-de-boquete-los-artesanos-han-logrado-42-en-ventas","status":"publish","type":"post","link":"https:\/\/sertv.gob.pa\/crisolfm\/durante-la-jmj-y-la-feria-de-boquete-los-artesanos-han-logrado-42-en-ventas\/","title":{"rendered":"Durante la JMJ y la feria de Boquete los artesanos han logrado $42 en ventas"},"content":{"rendered":"<p>Las veredas artesanales que el <strong>Ministerio de Comercio e Industrias (Mici) <\/strong>ha instalado a nivel nacional con motivo de la <strong>Jornada Mundial de la Juventud<\/strong> han sido visitadas por cientos de <strong>peregrinos<\/strong>,<strong> turistas<\/strong> locales e internacionales\u00a0generando un impacto econ\u00f3mico favorable a los m\u00e1s de 400\u00a0<strong>artesanos<\/strong> paname\u00f1os que participan de la actividad. Entre las ventas en la<strong> Feria\u00a0Internacional de las Flores y del Caf\u00e9\u00a0de Boquete<\/strong> y las <strong>veredas artesanales JMJ<\/strong> en la Di\u00f3cesis de David se recaudaron\u00a0m\u00e1s de 42 mil d\u00f3lares, as\u00ed lo dio a conocer\u00a0el viceministro de Comercio Interior e Industrias, <strong>Eduardo Palacios.<\/strong><\/p>\n<p>En la actualidad se mantienen hasta el viernes 25 de enero, 3 <strong>veredas artesanales<\/strong> situadas en Parque de la Juventud o <strong>Parque Omar<\/strong> (V\u00eda Porras), en el<strong> Parque Francisco Arias Paredes y Plaza Porras (Ave. Cuba).<\/strong>\u00a0 Del s\u00e1bado 26 al martes 29 de enero, se contar\u00e1 con vereda permanente en el centro comercial <strong>Albrook Mall<\/strong>, pasillo del delf\u00edn. \u00a0Para esta actividad se capacitaron\u00a0unas 820 personas en 46 talleres y 12 reuniones realizadas en 8 provincias.\u00a0 Las <strong>veredas artesanales<\/strong> se instalaron durante las pre-jornadas <strong>JMJ<\/strong> celebradas del 14 al 20 de enero en las di\u00f3cesis de Penonom\u00e9, Col\u00f3n y Guna Yala, David, Chitr\u00e9 y Santiago.<\/p>\n","protected":false},"excerpt":{"rendered":"<p>Las veredas artesanales que el Ministerio de Comercio e Industrias <a href=\"https:\/\/sertv.gob.pa\/crisolfm\/durante-la-jmj-y-la-feria-de-boquete-los-artesanos-han-logrado-42-en-ventas\/\"> [&#8230;]<\/a><\/p>\n","protected":false},"author":64,"featured_media":16394,"comment_status":"closed","ping_status":"closed","sticky":false,"template":"","format":"standard","meta":{"footnotes":""},"categories":[6],"tags":[],"class_list":["post-16392","post","type-post","status-publish","format-standard","has-post-thumbnail","hentry","category-culturales"],"_links":{"self":[{"href":"https:\/\/sertv.gob.pa\/crisolfm\/wp-json\/wp\/v2\/posts\/16392","targetHints":{"allow":["GET"]}}],"collection":[{"href":"https:\/\/sertv.gob.pa\/crisolfm\/wp-json\/wp\/v2\/posts"}],"about":[{"href":"https:\/\/sertv.gob.pa\/crisolfm\/wp-json\/wp\/v2\/types\/post"}],"author":[{"embeddable":true,"href":"https:\/\/sertv.gob.pa\/crisolfm\/wp-json\/wp\/v2\/users\/64"}],"replies":[{"embeddable":true,"href":"https:\/\/sertv.gob.pa\/crisolfm\/wp-json\/wp\/v2\/comments?post=16392"}],"version-history":[{"count":1,"href":"https:\/\/sertv.gob.pa\/crisolfm\/wp-json\/wp\/v2\/posts\/16392\/revisions"}],"predecessor-version":[{"id":16395,"href":"https:\/\/sertv.gob.pa\/crisolfm\/wp-json\/wp\/v2\/posts\/16392\/revisions\/16395"}],"wp:featuredmedia":[{"embeddable":true,"href":"https:\/\/sertv.gob.pa\/crisolfm\/wp-json\/wp\/v2\/media\/16394"}],"wp:attachment":[{"href":"https:\/\/sertv.gob.pa\/crisolfm\/wp-json\/wp\/v2\/media?parent=16392"}],"wp:term":[{"taxonomy":"category","embeddable":true,"href":"https:\/\/sertv.gob.pa\/crisolfm\/wp-json\/wp\/v2\/categories?post=16392"},{"taxonomy":"post_tag","embeddable":true,"href":"https:\/\/sertv.gob.pa\/crisolfm\/wp-json\/wp\/v2\/tags?post=16392"}],"curies":[{"name":"wp","href":"https:\/\/api.w.org\/{rel}","templated":true}]}}