{"id":16412,"date":"2019-01-25T13:50:30","date_gmt":"2019-01-25T13:50:30","guid":{"rendered":"https:\/\/sertv.gob.pa\/crisolfm\/?p=16412"},"modified":"2019-01-25T13:50:30","modified_gmt":"2019-01-25T13:50:30","slug":"en-chiriqui-agrupacion-mecanik-informal-inicio-gira-de-conciertos-2019","status":"publish","type":"post","link":"https:\/\/sertv.gob.pa\/crisolfm\/en-chiriqui-agrupacion-mecanik-informal-inicio-gira-de-conciertos-2019\/","title":{"rendered":"En Chiriqu\u00ed agrupaci\u00f3n Mecanik Informal inici\u00f3 gira de conciertos 2019"},"content":{"rendered":"<p>El pasado fin de semana la agrupaci\u00f3n, Mecanik Informal lleg\u00f3 por primera vez a la provincia de Chiriqu\u00ed en el marco de la Feria de las Flores en Boquete. Durante el 2018, la agrupaci\u00f3n Mecanik Informal se posicion\u00f3 con fuerza como la nueva propuesta de m\u00fasica latina de nuestro pa\u00eds con canciones que mezclan la timba cubana con folclore y plena paname\u00f1a. En su prop\u00f3sito de llevar su m\u00fasica a todo Panam\u00e1 y volcar la preferencia de los j\u00f3venes hacia este g\u00e9nero empezaron este a\u00f1o con una visita a la provincia de Chiriqu\u00ed en donde tuvieron la bonita oportunidad de interactuar con el p\u00fablico que asiste cada a\u00f1o a la feria de las flores en Boquete.<\/p>\n<p>Fue un show fresco, lleno de energ\u00eda en donde cada uno de los integrantes tuvo su espacio para conquistar al p\u00fablico con su personalidad y ejecuci\u00f3n musical, pero el momento especial de la noche fue cuando la reconocida folklorista, Milagros Blades, introdujo elementos de percusi\u00f3n folcl\u00f3rica en las congas. Al terminar su presentaci\u00f3n,\u00a0Blades, se\u00f1al\u00f3 que su emoci\u00f3n fue inmensa al ver la reacci\u00f3n de los asistentes cuando resalt\u00f3 dentro del show el tumbao de nuestro folclore con la timba cubana lo que nos demuestra que la m\u00fasica es un lenguaje universal que conecta al p\u00fablico con el artista. Con esta primera presentaci\u00f3n en el interior del pa\u00eds, Mecanik Informal abre el 2019 y comentan que tienen previsto lanzar su primer disco acompa\u00f1ado de una gira internacional.<\/p>\n<h4><\/h4>\n<p>&nbsp;<\/p>\n","protected":false},"excerpt":{"rendered":"<p>El pasado fin de semana la agrupaci\u00f3n, Mecanik Informal lleg\u00f3 <a href=\"https:\/\/sertv.gob.pa\/crisolfm\/en-chiriqui-agrupacion-mecanik-informal-inicio-gira-de-conciertos-2019\/\"> [&#8230;]<\/a><\/p>\n","protected":false},"author":64,"featured_media":16414,"comment_status":"closed","ping_status":"closed","sticky":false,"template":"","format":"standard","meta":{"footnotes":""},"categories":[6],"tags":[],"class_list":["post-16412","post","type-post","status-publish","format-standard","has-post-thumbnail","hentry","category-culturales"],"_links":{"self":[{"href":"https:\/\/sertv.gob.pa\/crisolfm\/wp-json\/wp\/v2\/posts\/16412","targetHints":{"allow":["GET"]}}],"collection":[{"href":"https:\/\/sertv.gob.pa\/crisolfm\/wp-json\/wp\/v2\/posts"}],"about":[{"href":"https:\/\/sertv.gob.pa\/crisolfm\/wp-json\/wp\/v2\/types\/post"}],"author":[{"embeddable":true,"href":"https:\/\/sertv.gob.pa\/crisolfm\/wp-json\/wp\/v2\/users\/64"}],"replies":[{"embeddable":true,"href":"https:\/\/sertv.gob.pa\/crisolfm\/wp-json\/wp\/v2\/comments?post=16412"}],"version-history":[{"count":1,"href":"https:\/\/sertv.gob.pa\/crisolfm\/wp-json\/wp\/v2\/posts\/16412\/revisions"}],"predecessor-version":[{"id":16415,"href":"https:\/\/sertv.gob.pa\/crisolfm\/wp-json\/wp\/v2\/posts\/16412\/revisions\/16415"}],"wp:featuredmedia":[{"embeddable":true,"href":"https:\/\/sertv.gob.pa\/crisolfm\/wp-json\/wp\/v2\/media\/16414"}],"wp:attachment":[{"href":"https:\/\/sertv.gob.pa\/crisolfm\/wp-json\/wp\/v2\/media?parent=16412"}],"wp:term":[{"taxonomy":"category","embeddable":true,"href":"https:\/\/sertv.gob.pa\/crisolfm\/wp-json\/wp\/v2\/categories?post=16412"},{"taxonomy":"post_tag","embeddable":true,"href":"https:\/\/sertv.gob.pa\/crisolfm\/wp-json\/wp\/v2\/tags?post=16412"}],"curies":[{"name":"wp","href":"https:\/\/api.w.org\/{rel}","templated":true}]}}