{"id":16420,"date":"2019-01-25T14:12:12","date_gmt":"2019-01-25T14:12:12","guid":{"rendered":"https:\/\/sertv.gob.pa\/crisolfm\/?p=16420"},"modified":"2019-01-25T14:12:12","modified_gmt":"2019-01-25T14:12:12","slug":"60-anos-se-cumplen-hoy-del-anuncio-del-concilio-vaticano-ii-por-san-juan-xxiii","status":"publish","type":"post","link":"https:\/\/sertv.gob.pa\/crisolfm\/60-anos-se-cumplen-hoy-del-anuncio-del-concilio-vaticano-ii-por-san-juan-xxiii\/","title":{"rendered":"60 a\u00f1os se cumplen hoy del anuncio del Concilio Vaticano II por San Juan XXIII"},"content":{"rendered":"<p>Un d\u00eda como hoy, 25 de enero, pero en el a\u00f1o 1959, el Papa San Juan XXIII anunci\u00f3 en la Bas\u00edlica de San Pablo Extramuros ante unos 20 Cardenales reunidos en Consistorio la convocatoria del Concilio Vaticano II. \u201c\u00a1Venerables hermanos e hijos amados! Pronunciamos ante vosotros, temblando ciertamente de conmoci\u00f3n, pero junto con una humilde resoluci\u00f3n de intenciones, el nombre y la propuesta de una doble celebraci\u00f3n: un S\u00ednodo Diocesano para Roma y un Concilio Ecum\u00e9nico para la Iglesia Universal\u201d, fueron las palabras pronunciadas por el Pont\u00edfice.<\/p>\n<p>Seg\u00fan narra el mayordomo del Papa en declaraciones recogidas por\u00a0<em>Vatican News<\/em>\u00a0este viernes 25 de enero, los presentes en la Bas\u00edlica romana contestaron con un absoluto silencio, sin aplausos. El asombro se hab\u00eda extendido entre todos los purpurados ante la materializaci\u00f3n de una obra que parec\u00eda inabarcable y que se hab\u00eda pospuestos desde hac\u00eda muchos a\u00f1os. El anuncio, del todo inesperado, se produjo justo despu\u00e9s de la semana de oraci\u00f3n por la unidad de los cristianos, cuando Juan XXIII \u00fanicamente hab\u00eda cumplido tres meses en la sede de Pedro. Con aquella convocatoria San Juan XXIII confirm\u00f3 que sus intenciones no eran simplemente ser un Papa de transici\u00f3n, sino que, a pesar de su edad, 77 a\u00f1os, pretend\u00eda dejar una profunda huella en la Iglesia.<\/p>\n<p>Aci prensa<\/p>\n","protected":false},"excerpt":{"rendered":"<p>Un d\u00eda como hoy, 25 de enero, pero en el <a href=\"https:\/\/sertv.gob.pa\/crisolfm\/60-anos-se-cumplen-hoy-del-anuncio-del-concilio-vaticano-ii-por-san-juan-xxiii\/\"> [&#8230;]<\/a><\/p>\n","protected":false},"author":64,"featured_media":16422,"comment_status":"closed","ping_status":"closed","sticky":false,"template":"","format":"standard","meta":{"footnotes":""},"categories":[6],"tags":[],"class_list":["post-16420","post","type-post","status-publish","format-standard","has-post-thumbnail","hentry","category-culturales"],"_links":{"self":[{"href":"https:\/\/sertv.gob.pa\/crisolfm\/wp-json\/wp\/v2\/posts\/16420","targetHints":{"allow":["GET"]}}],"collection":[{"href":"https:\/\/sertv.gob.pa\/crisolfm\/wp-json\/wp\/v2\/posts"}],"about":[{"href":"https:\/\/sertv.gob.pa\/crisolfm\/wp-json\/wp\/v2\/types\/post"}],"author":[{"embeddable":true,"href":"https:\/\/sertv.gob.pa\/crisolfm\/wp-json\/wp\/v2\/users\/64"}],"replies":[{"embeddable":true,"href":"https:\/\/sertv.gob.pa\/crisolfm\/wp-json\/wp\/v2\/comments?post=16420"}],"version-history":[{"count":1,"href":"https:\/\/sertv.gob.pa\/crisolfm\/wp-json\/wp\/v2\/posts\/16420\/revisions"}],"predecessor-version":[{"id":16423,"href":"https:\/\/sertv.gob.pa\/crisolfm\/wp-json\/wp\/v2\/posts\/16420\/revisions\/16423"}],"wp:featuredmedia":[{"embeddable":true,"href":"https:\/\/sertv.gob.pa\/crisolfm\/wp-json\/wp\/v2\/media\/16422"}],"wp:attachment":[{"href":"https:\/\/sertv.gob.pa\/crisolfm\/wp-json\/wp\/v2\/media?parent=16420"}],"wp:term":[{"taxonomy":"category","embeddable":true,"href":"https:\/\/sertv.gob.pa\/crisolfm\/wp-json\/wp\/v2\/categories?post=16420"},{"taxonomy":"post_tag","embeddable":true,"href":"https:\/\/sertv.gob.pa\/crisolfm\/wp-json\/wp\/v2\/tags?post=16420"}],"curies":[{"name":"wp","href":"https:\/\/api.w.org\/{rel}","templated":true}]}}