{"id":16424,"date":"2019-01-25T14:18:42","date_gmt":"2019-01-25T14:18:42","guid":{"rendered":"https:\/\/sertv.gob.pa\/crisolfm\/?p=16424"},"modified":"2019-01-25T14:18:42","modified_gmt":"2019-01-25T14:18:42","slug":"festival-de-la-juventud-de-la-jmj-se-toma-la-nueva-joya","status":"publish","type":"post","link":"https:\/\/sertv.gob.pa\/crisolfm\/festival-de-la-juventud-de-la-jmj-se-toma-la-nueva-joya\/","title":{"rendered":"Festival de la Juventud de la JMJ se toma la Nueva Joya"},"content":{"rendered":"<p>Con j\u00fabilo y alegr\u00eda recibieron los privados de libertad de los centros penitenciarios La Nueva Joya, La Joya y La Joyita, las distintas actividades de Festival de la Juventud, como parte de la Jornada Mundial de la Juventud Panam\u00e1 2019 (JMJ), evento que se lleva a cabo igualmente en Centro Femenino de Rehabilitaci\u00f3n \u2018Cecilia Orillac de Chiari\u2019 (CEFERE) y el Centro de Cumplimiento de Las Garzas. El encuentro se efect\u00fao en La Nueva Joya, con la presencia de Armando Medina, director General del Sistema Penitenciario, comisionado Jos\u00e9 Ubarte, jefe de la Polic\u00eda Penitenciaria, Javier Hern\u00e1ndez, director de La Nueva Joya, el padre Francisco Javier Palomares Pe\u00f1a, del ministerio Mercedario, voluntarios del grupo de m\u00fasica Filocalia, de Argentina y m\u00e1s de 500 personas privadas de libertad.<\/p>\n<p>Medina indic\u00f3 que la DGSP coordin\u00f3 con la organizaci\u00f3n de la JMJ y la Polic\u00eda Nacional, para hacer realidad el Festival de la Juventud en el Complejo Penitenciario La Joya, con la presencia de las personas privadas de libertad, para que sientan que son parte del acontecimiento mundial. En las actividades, las personas privadas de libertad recibieron clases de catequesis, tuvieron la oportunidad del secreto de confesi\u00f3n, la participaci\u00f3n de otras agrupaciones musicales y la Santa Eucarist\u00eda.<\/p>\n<p>&nbsp;<\/p>\n","protected":false},"excerpt":{"rendered":"<p>Con j\u00fabilo y alegr\u00eda recibieron los privados de libertad de <a href=\"https:\/\/sertv.gob.pa\/crisolfm\/festival-de-la-juventud-de-la-jmj-se-toma-la-nueva-joya\/\"> [&#8230;]<\/a><\/p>\n","protected":false},"author":64,"featured_media":16426,"comment_status":"closed","ping_status":"closed","sticky":false,"template":"","format":"standard","meta":{"footnotes":""},"categories":[6],"tags":[],"class_list":["post-16424","post","type-post","status-publish","format-standard","has-post-thumbnail","hentry","category-culturales"],"_links":{"self":[{"href":"https:\/\/sertv.gob.pa\/crisolfm\/wp-json\/wp\/v2\/posts\/16424","targetHints":{"allow":["GET"]}}],"collection":[{"href":"https:\/\/sertv.gob.pa\/crisolfm\/wp-json\/wp\/v2\/posts"}],"about":[{"href":"https:\/\/sertv.gob.pa\/crisolfm\/wp-json\/wp\/v2\/types\/post"}],"author":[{"embeddable":true,"href":"https:\/\/sertv.gob.pa\/crisolfm\/wp-json\/wp\/v2\/users\/64"}],"replies":[{"embeddable":true,"href":"https:\/\/sertv.gob.pa\/crisolfm\/wp-json\/wp\/v2\/comments?post=16424"}],"version-history":[{"count":1,"href":"https:\/\/sertv.gob.pa\/crisolfm\/wp-json\/wp\/v2\/posts\/16424\/revisions"}],"predecessor-version":[{"id":16427,"href":"https:\/\/sertv.gob.pa\/crisolfm\/wp-json\/wp\/v2\/posts\/16424\/revisions\/16427"}],"wp:featuredmedia":[{"embeddable":true,"href":"https:\/\/sertv.gob.pa\/crisolfm\/wp-json\/wp\/v2\/media\/16426"}],"wp:attachment":[{"href":"https:\/\/sertv.gob.pa\/crisolfm\/wp-json\/wp\/v2\/media?parent=16424"}],"wp:term":[{"taxonomy":"category","embeddable":true,"href":"https:\/\/sertv.gob.pa\/crisolfm\/wp-json\/wp\/v2\/categories?post=16424"},{"taxonomy":"post_tag","embeddable":true,"href":"https:\/\/sertv.gob.pa\/crisolfm\/wp-json\/wp\/v2\/tags?post=16424"}],"curies":[{"name":"wp","href":"https:\/\/api.w.org\/{rel}","templated":true}]}}