{"id":16464,"date":"2019-01-26T13:24:32","date_gmt":"2019-01-26T13:24:32","guid":{"rendered":"https:\/\/sertv.gob.pa\/crisolfm\/?p=16464"},"modified":"2019-01-26T13:24:32","modified_gmt":"2019-01-26T13:24:32","slug":"mortandad-de-gallinas-y-perros-en-corregimiento-de-boro-en-la-provincia-de-veraguas","status":"publish","type":"post","link":"https:\/\/sertv.gob.pa\/crisolfm\/mortandad-de-gallinas-y-perros-en-corregimiento-de-boro-en-la-provincia-de-veraguas\/","title":{"rendered":"Mortandad de gallinas y perros en corregimiento de Bor\u00f3, en la provincia de Veraguas"},"content":{"rendered":"<p>La<strong> muerte misteriosa de pollos<\/strong>, <strong>gallinas<\/strong>, <strong>patos<\/strong>, <strong>gatos<\/strong> y<strong> perros<\/strong> mantiene <strong>preocupados <\/strong>a los <strong>pobladore<\/strong>s en la <strong>comunidad de Los Ruice<\/strong>s en el corregimiento <strong>de Bor\u00f3<\/strong>, <strong>distrito de La Mesa,<\/strong> provincia <strong>de Veraguas.<\/strong> <strong>Alcides Garc\u00eda<\/strong>, resi<strong>dente de la comunidad,<\/strong> dio a conocer que esto s<strong>e est\u00e1 dando desde hace 2 semana<\/strong>s sin que las i<strong>nstituciones<\/strong> se hayan <strong>presentado a investigar lo que est\u00e1 sucediendo<\/strong> pese a los <strong>m\u00faltiples llamados de los afectados.<\/strong><\/p>\n<p><strong>Garc\u00eda<\/strong> explic\u00f3 que de forma<strong> repentina y misteriosa los animales dom\u00e9sticos caen muertos. <\/strong>Mucha gente <strong>en Bor\u00f3<\/strong> han <strong>perdido <\/strong>todos s<strong>us animales dom\u00e9sticos <\/strong>sin saber c<strong>u\u00e1les son las causas.<\/strong> Una persona de la zona manifest\u00f3 que hace a\u00f1os<strong> ocurri\u00f3 algo igual<\/strong>, donde q<strong>uedaron sin gallinas ni perros.<\/strong><\/p>\n<p>&nbsp;<\/p>\n","protected":false},"excerpt":{"rendered":"<p>La muerte misteriosa de pollos, gallinas, patos, gatos y perros <a href=\"https:\/\/sertv.gob.pa\/crisolfm\/mortandad-de-gallinas-y-perros-en-corregimiento-de-boro-en-la-provincia-de-veraguas\/\"> [&#8230;]<\/a><\/p>\n","protected":false},"author":64,"featured_media":16466,"comment_status":"closed","ping_status":"closed","sticky":false,"template":"","format":"standard","meta":{"footnotes":""},"categories":[7],"tags":[],"class_list":["post-16464","post","type-post","status-publish","format-standard","has-post-thumbnail","hentry","category-ecologicas"],"_links":{"self":[{"href":"https:\/\/sertv.gob.pa\/crisolfm\/wp-json\/wp\/v2\/posts\/16464","targetHints":{"allow":["GET"]}}],"collection":[{"href":"https:\/\/sertv.gob.pa\/crisolfm\/wp-json\/wp\/v2\/posts"}],"about":[{"href":"https:\/\/sertv.gob.pa\/crisolfm\/wp-json\/wp\/v2\/types\/post"}],"author":[{"embeddable":true,"href":"https:\/\/sertv.gob.pa\/crisolfm\/wp-json\/wp\/v2\/users\/64"}],"replies":[{"embeddable":true,"href":"https:\/\/sertv.gob.pa\/crisolfm\/wp-json\/wp\/v2\/comments?post=16464"}],"version-history":[{"count":1,"href":"https:\/\/sertv.gob.pa\/crisolfm\/wp-json\/wp\/v2\/posts\/16464\/revisions"}],"predecessor-version":[{"id":16467,"href":"https:\/\/sertv.gob.pa\/crisolfm\/wp-json\/wp\/v2\/posts\/16464\/revisions\/16467"}],"wp:featuredmedia":[{"embeddable":true,"href":"https:\/\/sertv.gob.pa\/crisolfm\/wp-json\/wp\/v2\/media\/16466"}],"wp:attachment":[{"href":"https:\/\/sertv.gob.pa\/crisolfm\/wp-json\/wp\/v2\/media?parent=16464"}],"wp:term":[{"taxonomy":"category","embeddable":true,"href":"https:\/\/sertv.gob.pa\/crisolfm\/wp-json\/wp\/v2\/categories?post=16464"},{"taxonomy":"post_tag","embeddable":true,"href":"https:\/\/sertv.gob.pa\/crisolfm\/wp-json\/wp\/v2\/tags?post=16464"}],"curies":[{"name":"wp","href":"https:\/\/api.w.org\/{rel}","templated":true}]}}