{"id":16498,"date":"2019-01-26T15:52:08","date_gmt":"2019-01-26T15:52:08","guid":{"rendered":"https:\/\/sertv.gob.pa\/crisolfm\/?p=16498"},"modified":"2019-01-26T15:52:08","modified_gmt":"2019-01-26T15:52:08","slug":"educacion-ambiental-laudato-si-y-el-papa-francisco","status":"publish","type":"post","link":"https:\/\/sertv.gob.pa\/crisolfm\/educacion-ambiental-laudato-si-y-el-papa-francisco\/","title":{"rendered":"Educaci\u00f3n ambiental Laudato Si y el papa Francisco"},"content":{"rendered":"<p>El 26 de enero, el mundo celebra el D\u00eda Mundial de la Educaci\u00f3n Ambiental. Este a\u00f1o\u00a02019, coincide con la Jornada Mundial de la Juventud (JMJ), y con la visita del Papa Francisco a Panam\u00e1, creador de la Enc\u00edclica Laudato Si, en el a\u00f1o 2015, dedicada a los graves problemas socioambientales del mundo, y al cuidado del planeta tierra. Al respecto, la JMJ, le dio a la sociedad paname\u00f1a, un llamado de atenci\u00f3n: no ensucies, no tires basura al suelo ni a la red h\u00eddrica, ya que est\u00e1s contaminando los ecosistemas del pa\u00eds. J\u00f3venes provenientes de distintas partes del mundo, limpiaron playas paname\u00f1as tal como tambi\u00e9n, lo han realizado, varias organizaciones del pa\u00eds.<\/p>\n<p>La basura es solo una de las puntas de la crisis ambiental de Panam\u00e1, la grave deforestaci\u00f3n de nuestros bosques con sus impactos consecuentes como la erosi\u00f3n, sedimentaci\u00f3n, contaminaci\u00f3n de la red h\u00eddrica y destrucci\u00f3n de la biodiversidad, entre otros. La deforestaci\u00f3n, adem\u00e1s impide la absorci\u00f3n del CO2 que emiten los veh\u00edculos e industrias con chimeneas, lo que contribuye al cambio clim\u00e1tico y al calentamiento global. El 50% de la huella ecol\u00f3gica de Panam\u00e1, es por la emisi\u00f3n de CO2.<\/p>\n<p>&nbsp;<\/p>\n","protected":false},"excerpt":{"rendered":"<p>El 26 de enero, el mundo celebra el D\u00eda Mundial <a href=\"https:\/\/sertv.gob.pa\/crisolfm\/educacion-ambiental-laudato-si-y-el-papa-francisco\/\"> [&#8230;]<\/a><\/p>\n","protected":false},"author":64,"featured_media":16500,"comment_status":"closed","ping_status":"closed","sticky":false,"template":"","format":"standard","meta":{"footnotes":""},"categories":[7],"tags":[],"class_list":["post-16498","post","type-post","status-publish","format-standard","has-post-thumbnail","hentry","category-ecologicas"],"_links":{"self":[{"href":"https:\/\/sertv.gob.pa\/crisolfm\/wp-json\/wp\/v2\/posts\/16498","targetHints":{"allow":["GET"]}}],"collection":[{"href":"https:\/\/sertv.gob.pa\/crisolfm\/wp-json\/wp\/v2\/posts"}],"about":[{"href":"https:\/\/sertv.gob.pa\/crisolfm\/wp-json\/wp\/v2\/types\/post"}],"author":[{"embeddable":true,"href":"https:\/\/sertv.gob.pa\/crisolfm\/wp-json\/wp\/v2\/users\/64"}],"replies":[{"embeddable":true,"href":"https:\/\/sertv.gob.pa\/crisolfm\/wp-json\/wp\/v2\/comments?post=16498"}],"version-history":[{"count":1,"href":"https:\/\/sertv.gob.pa\/crisolfm\/wp-json\/wp\/v2\/posts\/16498\/revisions"}],"predecessor-version":[{"id":16501,"href":"https:\/\/sertv.gob.pa\/crisolfm\/wp-json\/wp\/v2\/posts\/16498\/revisions\/16501"}],"wp:featuredmedia":[{"embeddable":true,"href":"https:\/\/sertv.gob.pa\/crisolfm\/wp-json\/wp\/v2\/media\/16500"}],"wp:attachment":[{"href":"https:\/\/sertv.gob.pa\/crisolfm\/wp-json\/wp\/v2\/media?parent=16498"}],"wp:term":[{"taxonomy":"category","embeddable":true,"href":"https:\/\/sertv.gob.pa\/crisolfm\/wp-json\/wp\/v2\/categories?post=16498"},{"taxonomy":"post_tag","embeddable":true,"href":"https:\/\/sertv.gob.pa\/crisolfm\/wp-json\/wp\/v2\/tags?post=16498"}],"curies":[{"name":"wp","href":"https:\/\/api.w.org\/{rel}","templated":true}]}}