{"id":16502,"date":"2019-01-26T16:52:17","date_gmt":"2019-01-26T16:52:17","guid":{"rendered":"https:\/\/sertv.gob.pa\/crisolfm\/?p=16502"},"modified":"2019-01-26T16:52:17","modified_gmt":"2019-01-26T16:52:17","slug":"hoy-se-conmemora-a-san-tito-y-san-timoteo-discipulos-de-san-pablo-apostol","status":"publish","type":"post","link":"https:\/\/sertv.gob.pa\/crisolfm\/hoy-se-conmemora-a-san-tito-y-san-timoteo-discipulos-de-san-pablo-apostol\/","title":{"rendered":"Hoy se conmemora a San Tito y San Timoteo, disc\u00edpulos de San Pablo Ap\u00f3stol"},"content":{"rendered":"<p>San Tito y San Timoteo fueron disc\u00edpulos de San Pablo, presidieron las comunidades cristianas de la isla de Creta y de \u00c9feso, respectivamente. Asimismo, a ellos fueron dirigidas tres cartas atribuidas a San Pablo. La fiesta de ambos se celebra el 26 de enero, al siguiente d\u00eda de la fiesta de la Conversi\u00f3n del Ap\u00f3stol de los gentiles.<\/p>\n<p>San Timoteo naci\u00f3 en Listra, hijo de padre pagano y de madre judeocristiana. En el Nuevo Testamento aparece como el disc\u00edpulo m\u00e1s cercano a San Pablo, con quien realiz\u00f3 varios viajes. El Ap\u00f3stol lo nombr\u00f3 Obispo de \u00c9feso y le escribi\u00f3 dos cartas para orientarlo en la direcci\u00f3n de sus comunidades: Primera y Segunda Carta a Timoteo. Algunas de sus reliquias reposan en Italia desde 1239 en la Catedral de Termoli, procedentes de Constantinopla.<\/p>\n<p>San Tito aparece en las cartas de San Pablo, a quien acompa\u00f1\u00f3 al Concilio de Jerusal\u00e9n. Despu\u00e9s de predicar en varias ciudades, San Pablo lo consagr\u00f3 Obispo de la Isla de Creta. \u201cEs cierta esta afirmaci\u00f3n, y quiero que en esto te mantengas firme, para que los que creen en Dios traten de sobresalir en la pr\u00e1ctica de las buenas obras. Esto es bueno y provechoso para los hombres\u201d, le recomend\u00f3 San Pablo a Tito (Tito 3, 8).<\/p>\n<p>Aci prensa<\/p>\n","protected":false},"excerpt":{"rendered":"<p>San Tito y San Timoteo fueron disc\u00edpulos de San Pablo, <a href=\"https:\/\/sertv.gob.pa\/crisolfm\/hoy-se-conmemora-a-san-tito-y-san-timoteo-discipulos-de-san-pablo-apostol\/\"> [&#8230;]<\/a><\/p>\n","protected":false},"author":64,"featured_media":16506,"comment_status":"closed","ping_status":"closed","sticky":false,"template":"","format":"standard","meta":{"footnotes":""},"categories":[6],"tags":[],"class_list":["post-16502","post","type-post","status-publish","format-standard","has-post-thumbnail","hentry","category-culturales"],"_links":{"self":[{"href":"https:\/\/sertv.gob.pa\/crisolfm\/wp-json\/wp\/v2\/posts\/16502","targetHints":{"allow":["GET"]}}],"collection":[{"href":"https:\/\/sertv.gob.pa\/crisolfm\/wp-json\/wp\/v2\/posts"}],"about":[{"href":"https:\/\/sertv.gob.pa\/crisolfm\/wp-json\/wp\/v2\/types\/post"}],"author":[{"embeddable":true,"href":"https:\/\/sertv.gob.pa\/crisolfm\/wp-json\/wp\/v2\/users\/64"}],"replies":[{"embeddable":true,"href":"https:\/\/sertv.gob.pa\/crisolfm\/wp-json\/wp\/v2\/comments?post=16502"}],"version-history":[{"count":1,"href":"https:\/\/sertv.gob.pa\/crisolfm\/wp-json\/wp\/v2\/posts\/16502\/revisions"}],"predecessor-version":[{"id":16507,"href":"https:\/\/sertv.gob.pa\/crisolfm\/wp-json\/wp\/v2\/posts\/16502\/revisions\/16507"}],"wp:featuredmedia":[{"embeddable":true,"href":"https:\/\/sertv.gob.pa\/crisolfm\/wp-json\/wp\/v2\/media\/16506"}],"wp:attachment":[{"href":"https:\/\/sertv.gob.pa\/crisolfm\/wp-json\/wp\/v2\/media?parent=16502"}],"wp:term":[{"taxonomy":"category","embeddable":true,"href":"https:\/\/sertv.gob.pa\/crisolfm\/wp-json\/wp\/v2\/categories?post=16502"},{"taxonomy":"post_tag","embeddable":true,"href":"https:\/\/sertv.gob.pa\/crisolfm\/wp-json\/wp\/v2\/tags?post=16502"}],"curies":[{"name":"wp","href":"https:\/\/api.w.org\/{rel}","templated":true}]}}