{"id":16508,"date":"2019-01-27T12:01:46","date_gmt":"2019-01-27T12:01:46","guid":{"rendered":"https:\/\/sertv.gob.pa\/crisolfm\/?p=16508"},"modified":"2019-01-27T12:01:46","modified_gmt":"2019-01-27T12:01:46","slug":"el-papa-destaca-a-maria-como-la-mujer-que-mas-influencio-en-la-historia","status":"publish","type":"post","link":"https:\/\/sertv.gob.pa\/crisolfm\/el-papa-destaca-a-maria-como-la-mujer-que-mas-influencio-en-la-historia\/","title":{"rendered":"El papa destaca a Mar\u00eda como \u00abla mujer que m\u00e1s influenci\u00f3 en la historia\u00bb"},"content":{"rendered":"<p>El Papa Francisco durante su\u00a0discurso\u00a0en la vigilia que se realiz\u00f3 en\u00a0el campo Juan Pablo II en Metro Park,\u00a0dijo\u00a0\u00abhemos visto ese hermoso espect\u00e1culo sobre el \u00c1rbol de la Vida que nos muestra c\u00f3mo la vida que Jes\u00fas nos regala es una historia de amor, una historia de vida que quiere mezclarse con la nuestra y echar ra\u00edces en la tierra de cada uno\u00bb. Esa vida no es una salvaci\u00f3n colgada \u201cen la nube\u201d esperando ser descargada, ni una \u201caplicaci\u00f3n\u201d nueva a descubrir o un ejercicio mental fruto de t\u00e9cnicas de autosuperaci\u00f3n. Tampoco un \u201ctutorial\u201d con el que aprender la \u00faltima novedad. La salvaci\u00f3n que el Se\u00f1or nos regala es una invitaci\u00f3n a ser parte de una historia de amor que se entreteje con nuestras historias; que vive y quiere nacer entre nosotros para que demos fruto all\u00ed donde estemos, como estemos y con quien estemos.\u00a0 All\u00ed viene el Se\u00f1or a plantar y a plantarse; es el primero en decir \u201cs\u00ed\u201d a nuestra vida, a nuestra historia, y quiere que tambi\u00e9n digamos \u201cs\u00ed\u201d junto a \u00c9l.<\/p>\n<p>As\u00ed sorprendi\u00f3 a Mar\u00eda y la invit\u00f3 a formar parte de esta historia de amor. Sin lugar a dudas la joven de Nazaret no sal\u00eda en las \u201credes sociales\u201d de la \u00e9poca, no era una \u201cinfluencer\u201d, pero sin quererlo ni buscarlo se volvi\u00f3 la mujer que m\u00e1s influenci\u00f3 en la historia. Mar\u00eda, la \u201cinfluencer\u201d de Dios. Esa tarde igualmente escuchamos c\u00f3mo el \u201cs\u00ed\u201d de Mar\u00eda hace eco y se multiplica de generaci\u00f3n en generaci\u00f3n. Muchos j\u00f3venes a ejemplo de Mar\u00eda arriesgan y apuestan guiados por una promesa.<\/p>\n<p>&nbsp;<\/p>\n<p>&nbsp;<\/p>\n","protected":false},"excerpt":{"rendered":"<p>El Papa Francisco durante su\u00a0discurso\u00a0en la vigilia que se realiz\u00f3 <a href=\"https:\/\/sertv.gob.pa\/crisolfm\/el-papa-destaca-a-maria-como-la-mujer-que-mas-influencio-en-la-historia\/\"> [&#8230;]<\/a><\/p>\n","protected":false},"author":64,"featured_media":16510,"comment_status":"closed","ping_status":"closed","sticky":false,"template":"","format":"standard","meta":{"footnotes":""},"categories":[6],"tags":[],"class_list":["post-16508","post","type-post","status-publish","format-standard","has-post-thumbnail","hentry","category-culturales"],"_links":{"self":[{"href":"https:\/\/sertv.gob.pa\/crisolfm\/wp-json\/wp\/v2\/posts\/16508","targetHints":{"allow":["GET"]}}],"collection":[{"href":"https:\/\/sertv.gob.pa\/crisolfm\/wp-json\/wp\/v2\/posts"}],"about":[{"href":"https:\/\/sertv.gob.pa\/crisolfm\/wp-json\/wp\/v2\/types\/post"}],"author":[{"embeddable":true,"href":"https:\/\/sertv.gob.pa\/crisolfm\/wp-json\/wp\/v2\/users\/64"}],"replies":[{"embeddable":true,"href":"https:\/\/sertv.gob.pa\/crisolfm\/wp-json\/wp\/v2\/comments?post=16508"}],"version-history":[{"count":1,"href":"https:\/\/sertv.gob.pa\/crisolfm\/wp-json\/wp\/v2\/posts\/16508\/revisions"}],"predecessor-version":[{"id":16511,"href":"https:\/\/sertv.gob.pa\/crisolfm\/wp-json\/wp\/v2\/posts\/16508\/revisions\/16511"}],"wp:featuredmedia":[{"embeddable":true,"href":"https:\/\/sertv.gob.pa\/crisolfm\/wp-json\/wp\/v2\/media\/16510"}],"wp:attachment":[{"href":"https:\/\/sertv.gob.pa\/crisolfm\/wp-json\/wp\/v2\/media?parent=16508"}],"wp:term":[{"taxonomy":"category","embeddable":true,"href":"https:\/\/sertv.gob.pa\/crisolfm\/wp-json\/wp\/v2\/categories?post=16508"},{"taxonomy":"post_tag","embeddable":true,"href":"https:\/\/sertv.gob.pa\/crisolfm\/wp-json\/wp\/v2\/tags?post=16508"}],"curies":[{"name":"wp","href":"https:\/\/api.w.org\/{rel}","templated":true}]}}