{"id":16512,"date":"2019-01-27T12:06:58","date_gmt":"2019-01-27T12:06:58","guid":{"rendered":"https:\/\/sertv.gob.pa\/crisolfm\/?p=16512"},"modified":"2019-01-27T12:06:58","modified_gmt":"2019-01-27T12:06:58","slug":"papa-francisco-regala-rosarios-a-los-peregrinos","status":"publish","type":"post","link":"https:\/\/sertv.gob.pa\/crisolfm\/papa-francisco-regala-rosarios-a-los-peregrinos\/","title":{"rendered":"Papa Francisco regala rosarios a los peregrinos"},"content":{"rendered":"<p>El papa Francisco ha invitado en Panam\u00e1 a la juventud del mundo a rezar por la paz mundial. Los j\u00f3venes de todo el mundo recibieron en el kit del peregrino, un rosario producido en Tierra Santa que puede utilizarse como pulsera y lleva una cruz donde se lee por un lado \u00abBethlehem\u00bb y \u00abJMJ 2019\u00bb por el otro. Luego de un viaje de 12 mil kil\u00f3metros, un mill\u00f3n de rosarios, en total, llegar\u00e1n a los participantes de la JMJ como regalo del santo padre.<\/p>\n<p>Estos rosarios de Bel\u00e9n tendr\u00e1n un protagonismo especial durante la Misa de Env\u00edo del d\u00eda de hoy, cuando el santo padre, al final de la ceremonia haga un acto de entrega de los j\u00f3venes a Santa Mar\u00eda de la Paz, y el papa Francisco solicite a los j\u00f3venes que alcen sus rosarios para hacer un acto de compromiso.<\/p>\n<p>&nbsp;<\/p>\n","protected":false},"excerpt":{"rendered":"<p>El papa Francisco ha invitado en Panam\u00e1 a la juventud <a href=\"https:\/\/sertv.gob.pa\/crisolfm\/papa-francisco-regala-rosarios-a-los-peregrinos\/\"> [&#8230;]<\/a><\/p>\n","protected":false},"author":64,"featured_media":16514,"comment_status":"closed","ping_status":"closed","sticky":false,"template":"","format":"standard","meta":{"footnotes":""},"categories":[6],"tags":[],"class_list":["post-16512","post","type-post","status-publish","format-standard","has-post-thumbnail","hentry","category-culturales"],"_links":{"self":[{"href":"https:\/\/sertv.gob.pa\/crisolfm\/wp-json\/wp\/v2\/posts\/16512","targetHints":{"allow":["GET"]}}],"collection":[{"href":"https:\/\/sertv.gob.pa\/crisolfm\/wp-json\/wp\/v2\/posts"}],"about":[{"href":"https:\/\/sertv.gob.pa\/crisolfm\/wp-json\/wp\/v2\/types\/post"}],"author":[{"embeddable":true,"href":"https:\/\/sertv.gob.pa\/crisolfm\/wp-json\/wp\/v2\/users\/64"}],"replies":[{"embeddable":true,"href":"https:\/\/sertv.gob.pa\/crisolfm\/wp-json\/wp\/v2\/comments?post=16512"}],"version-history":[{"count":1,"href":"https:\/\/sertv.gob.pa\/crisolfm\/wp-json\/wp\/v2\/posts\/16512\/revisions"}],"predecessor-version":[{"id":16515,"href":"https:\/\/sertv.gob.pa\/crisolfm\/wp-json\/wp\/v2\/posts\/16512\/revisions\/16515"}],"wp:featuredmedia":[{"embeddable":true,"href":"https:\/\/sertv.gob.pa\/crisolfm\/wp-json\/wp\/v2\/media\/16514"}],"wp:attachment":[{"href":"https:\/\/sertv.gob.pa\/crisolfm\/wp-json\/wp\/v2\/media?parent=16512"}],"wp:term":[{"taxonomy":"category","embeddable":true,"href":"https:\/\/sertv.gob.pa\/crisolfm\/wp-json\/wp\/v2\/categories?post=16512"},{"taxonomy":"post_tag","embeddable":true,"href":"https:\/\/sertv.gob.pa\/crisolfm\/wp-json\/wp\/v2\/tags?post=16512"}],"curies":[{"name":"wp","href":"https:\/\/api.w.org\/{rel}","templated":true}]}}