{"id":16516,"date":"2019-01-27T12:13:34","date_gmt":"2019-01-27T12:13:34","guid":{"rendered":"https:\/\/sertv.gob.pa\/crisolfm\/?p=16516"},"modified":"2019-01-27T12:13:34","modified_gmt":"2019-01-27T12:13:34","slug":"cultura-de-abandono-a-la-juventud-cuestiona-el-papa-francisco","status":"publish","type":"post","link":"https:\/\/sertv.gob.pa\/crisolfm\/cultura-de-abandono-a-la-juventud-cuestiona-el-papa-francisco\/","title":{"rendered":"Cultura de abandono a la juventud cuestiona el Papa Francisco"},"content":{"rendered":"<p>El papa Francisco, al finalizar su cuarto d\u00eda en Panam\u00e1, hizo un llamado a que se brinde m\u00e1s oportunidades y menos cr\u00edticas a la juventud. \u00a0Durante su discurso en la vigilia que se llev\u00f3 a cabo en el Campo San Juan Pablo II, Francisco cuestion\u00f3 lo f\u00e1cil que resulta criticar a los j\u00f3venes y pasar el tiempo murmurando, cuando se les priva de oportunidades laborales, educativas y comunitarias desde donde agarrarse y so\u00f1ar el futuro. &#8216;Sin educaci\u00f3n es dif\u00edcil so\u00f1ar futuro, sin trabajo es muy dif\u00edcil so\u00f1ar futuro, sin familia y comunidad es casi imposible so\u00f1ar futuro. Porque so\u00f1ar el futuro es aprender a responder no solo para qu\u00e9 vivo, sino para qui\u00e9n vivo, para qui\u00e9n vale la pena gastar la vida&#8217;, manifest\u00f3 el papa Francisco a los presentes.<\/p>\n<p>Igualmente, en una misa ofrecida para bendecir la renovada Catedral Metropolitana, el sumo pont\u00edfice manifest\u00f3 una serie de mensajes de paz, confraternidad y sobre todo de amor a todos los que asistieron a esta actividad. Durante esta consagraci\u00f3n, Jorge Mario Bergoglio explic\u00f3 que \u00abuna catedral espa\u00f1ola, india y afroamericana se vuelve as\u00ed catedral paname\u00f1a\u00bb.&#8217; \u00abYa no pertenece solo al pasado, sino que es belleza del presente\u00bb, expres\u00f3 Francisco durante la homil\u00eda de la celebraci\u00f3n religiosa. El papa durante su intervenci\u00f3n a\u00f1adi\u00f3 que esta iglesia \u00abes nuevamente regazo que impulsa a renovar y alimentar la esperanza, a descubrir c\u00f3mo la belleza del ayer se vuelve base para construir la belleza del ma\u00f1ana\u00bb.<\/p>\n<p>&nbsp;<\/p>\n","protected":false},"excerpt":{"rendered":"<p>El papa Francisco, al finalizar su cuarto d\u00eda en Panam\u00e1, <a href=\"https:\/\/sertv.gob.pa\/crisolfm\/cultura-de-abandono-a-la-juventud-cuestiona-el-papa-francisco\/\"> [&#8230;]<\/a><\/p>\n","protected":false},"author":64,"featured_media":16518,"comment_status":"closed","ping_status":"closed","sticky":false,"template":"","format":"standard","meta":{"footnotes":""},"categories":[6],"tags":[],"class_list":["post-16516","post","type-post","status-publish","format-standard","has-post-thumbnail","hentry","category-culturales"],"_links":{"self":[{"href":"https:\/\/sertv.gob.pa\/crisolfm\/wp-json\/wp\/v2\/posts\/16516","targetHints":{"allow":["GET"]}}],"collection":[{"href":"https:\/\/sertv.gob.pa\/crisolfm\/wp-json\/wp\/v2\/posts"}],"about":[{"href":"https:\/\/sertv.gob.pa\/crisolfm\/wp-json\/wp\/v2\/types\/post"}],"author":[{"embeddable":true,"href":"https:\/\/sertv.gob.pa\/crisolfm\/wp-json\/wp\/v2\/users\/64"}],"replies":[{"embeddable":true,"href":"https:\/\/sertv.gob.pa\/crisolfm\/wp-json\/wp\/v2\/comments?post=16516"}],"version-history":[{"count":1,"href":"https:\/\/sertv.gob.pa\/crisolfm\/wp-json\/wp\/v2\/posts\/16516\/revisions"}],"predecessor-version":[{"id":16519,"href":"https:\/\/sertv.gob.pa\/crisolfm\/wp-json\/wp\/v2\/posts\/16516\/revisions\/16519"}],"wp:featuredmedia":[{"embeddable":true,"href":"https:\/\/sertv.gob.pa\/crisolfm\/wp-json\/wp\/v2\/media\/16518"}],"wp:attachment":[{"href":"https:\/\/sertv.gob.pa\/crisolfm\/wp-json\/wp\/v2\/media?parent=16516"}],"wp:term":[{"taxonomy":"category","embeddable":true,"href":"https:\/\/sertv.gob.pa\/crisolfm\/wp-json\/wp\/v2\/categories?post=16516"},{"taxonomy":"post_tag","embeddable":true,"href":"https:\/\/sertv.gob.pa\/crisolfm\/wp-json\/wp\/v2\/tags?post=16516"}],"curies":[{"name":"wp","href":"https:\/\/api.w.org\/{rel}","templated":true}]}}