{"id":16534,"date":"2019-01-27T13:12:40","date_gmt":"2019-01-27T13:12:40","guid":{"rendered":"https:\/\/sertv.gob.pa\/crisolfm\/?p=16534"},"modified":"2019-01-27T13:12:40","modified_gmt":"2019-01-27T13:12:40","slug":"india-festeja-el-dia-de-la-republica","status":"publish","type":"post","link":"https:\/\/sertv.gob.pa\/crisolfm\/india-festeja-el-dia-de-la-republica\/","title":{"rendered":"India festeja el D\u00eda de la Rep\u00fablica"},"content":{"rendered":"<p>Miles de personas asistieron el s\u00e1bado en Nueva Delhi a un desfile militar para conmemorar el 70\u00ba aniversario del D\u00eda de la Rep\u00fablica, una cita anual que celebra la cultura y la fuerza militar de India. Las medidas de seguridad fueron reforzadas para la ocasi\u00f3n, especialmente en la capital, donde las grandes avenidas fueron bloqueadas para permitir el paso del desfile de carrozas, tanques, camellos y motos, ante la presencia de dignatarios extranjeros, incluido el presidente sudafricano Cyril Ramaphosa, que era el invitado de honor. Alrededor de 25.000 polic\u00edas y fuerzas paramilitares fueron desplegadas en la ciudad.<\/p>\n<p>El D\u00eda de la Rep\u00fablica conmemora el d\u00eda en el que la nueva Constituci\u00f3n de India entr\u00f3 en vigor en 1950. India se independiz\u00f3 de Reino Unido en 1947, pero a trav\u00e9s de una fase de transici\u00f3n en la que a\u00fan era considerada como un dominio.<\/p>\n<p>AFP<\/p>\n","protected":false},"excerpt":{"rendered":"<p>Miles de personas asistieron el s\u00e1bado en Nueva Delhi a <a href=\"https:\/\/sertv.gob.pa\/crisolfm\/india-festeja-el-dia-de-la-republica\/\"> [&#8230;]<\/a><\/p>\n","protected":false},"author":64,"featured_media":16536,"comment_status":"closed","ping_status":"closed","sticky":false,"template":"","format":"standard","meta":{"footnotes":""},"categories":[6],"tags":[],"class_list":["post-16534","post","type-post","status-publish","format-standard","has-post-thumbnail","hentry","category-culturales"],"_links":{"self":[{"href":"https:\/\/sertv.gob.pa\/crisolfm\/wp-json\/wp\/v2\/posts\/16534","targetHints":{"allow":["GET"]}}],"collection":[{"href":"https:\/\/sertv.gob.pa\/crisolfm\/wp-json\/wp\/v2\/posts"}],"about":[{"href":"https:\/\/sertv.gob.pa\/crisolfm\/wp-json\/wp\/v2\/types\/post"}],"author":[{"embeddable":true,"href":"https:\/\/sertv.gob.pa\/crisolfm\/wp-json\/wp\/v2\/users\/64"}],"replies":[{"embeddable":true,"href":"https:\/\/sertv.gob.pa\/crisolfm\/wp-json\/wp\/v2\/comments?post=16534"}],"version-history":[{"count":1,"href":"https:\/\/sertv.gob.pa\/crisolfm\/wp-json\/wp\/v2\/posts\/16534\/revisions"}],"predecessor-version":[{"id":16537,"href":"https:\/\/sertv.gob.pa\/crisolfm\/wp-json\/wp\/v2\/posts\/16534\/revisions\/16537"}],"wp:featuredmedia":[{"embeddable":true,"href":"https:\/\/sertv.gob.pa\/crisolfm\/wp-json\/wp\/v2\/media\/16536"}],"wp:attachment":[{"href":"https:\/\/sertv.gob.pa\/crisolfm\/wp-json\/wp\/v2\/media?parent=16534"}],"wp:term":[{"taxonomy":"category","embeddable":true,"href":"https:\/\/sertv.gob.pa\/crisolfm\/wp-json\/wp\/v2\/categories?post=16534"},{"taxonomy":"post_tag","embeddable":true,"href":"https:\/\/sertv.gob.pa\/crisolfm\/wp-json\/wp\/v2\/tags?post=16534"}],"curies":[{"name":"wp","href":"https:\/\/api.w.org\/{rel}","templated":true}]}}