{"id":16548,"date":"2019-01-27T13:53:42","date_gmt":"2019-01-27T13:53:42","guid":{"rendered":"https:\/\/sertv.gob.pa\/crisolfm\/?p=16548"},"modified":"2019-01-27T13:53:42","modified_gmt":"2019-01-27T13:53:42","slug":"alemania-pone-fecha-al-fin-del-carbon-2038","status":"publish","type":"post","link":"https:\/\/sertv.gob.pa\/crisolfm\/alemania-pone-fecha-al-fin-del-carbon-2038\/","title":{"rendered":"Alemania pone fecha al fin del carb\u00f3n: 2038"},"content":{"rendered":"<p>Alemania se ha propuesto poner fecha a la eliminaci\u00f3n del carb\u00f3n. En 2038 como m\u00e1ximo Berl\u00edn deber\u00e1 haber acabado con su fuente de energ\u00eda m\u00e1s contaminante, que ahora suministra el 37% de su electricidad. A primera hora de la ma\u00f1ana de este s\u00e1bado, una comisi\u00f3n designada por el Gobierno alem\u00e1n ha llegado a un acuerdo, tras meses de deliberaciones y una \u00faltima sesi\u00f3n maratoniana de casi 24 horas. Gobiernos regionales, industria, sindicatos y organizaciones ambientales forman parte de la comisi\u00f3n, cuyas conclusiones se prev\u00e9 que asuma el Ejecutivo de Berl\u00edn.<\/p>\n<p>La canciller alemana, Angela Merkel, ha tenido un papel destacado en las labores de diplomacia para luchar contra el cambio clim\u00e1tico. Sin embargo, la adicci\u00f3n a un carb\u00f3n contaminante y barato de la mayor econom\u00eda europea <a href=\"https:\/\/elpais.com\/internacional\/2018\/01\/14\/actualidad\/1515954053_972426.html\" target=\"_blank\" rel=\"noopener\">ha ensuciado irremediablemente hasta ahora la imagen de Berl\u00edn como potencia ambiental.<\/a> Y sobre todo ha impedido que Alemania cumpla sus compromisos de reducci\u00f3n de emisiones de gases de efecto invernadero. Berl\u00edn se ha comprometido a reducir en un 40% sus emisiones en 2020 respecto a los niveles de 1990. \u00abEste es un d\u00eda hist\u00f3rico\u00bb, se felicit\u00f3 en conferencia de prensa en Berl\u00edn Roland Pofalla, presidente de la comisi\u00f3n alemana para el futuro del carb\u00f3n.<\/p>\n<p class=\"contenido\">El acuerdo para la eliminaci\u00f3n del carb\u00f3n ha sido posible en parte gracias al compromiso de una financiaci\u00f3n multimillonaria. 40.000 millones de euros en trasferencias a las regiones y 20 a\u00f1os le va a costar a Alemania acabar con esta fuente de energ\u00eda, seg\u00fan la hoja de ruta pactada ayer. La comisi\u00f3n prev\u00e9 un cierre paulatino de las centrales, que podr\u00eda culminar en 2035 y a m\u00e1s tardar en 2038. Pero dentro de tres a\u00f1os una serie de centrales, las m\u00e1s viejas, ya deber\u00e1n haber echado el cierre.<\/p>\n<p class=\"contenido\">El Tiempo<\/p>\n","protected":false},"excerpt":{"rendered":"<p>Alemania se ha propuesto poner fecha a la eliminaci\u00f3n del <a href=\"https:\/\/sertv.gob.pa\/crisolfm\/alemania-pone-fecha-al-fin-del-carbon-2038\/\"> [&#8230;]<\/a><\/p>\n","protected":false},"author":64,"featured_media":16550,"comment_status":"closed","ping_status":"closed","sticky":false,"template":"","format":"standard","meta":{"footnotes":""},"categories":[7],"tags":[],"class_list":["post-16548","post","type-post","status-publish","format-standard","has-post-thumbnail","hentry","category-ecologicas"],"_links":{"self":[{"href":"https:\/\/sertv.gob.pa\/crisolfm\/wp-json\/wp\/v2\/posts\/16548","targetHints":{"allow":["GET"]}}],"collection":[{"href":"https:\/\/sertv.gob.pa\/crisolfm\/wp-json\/wp\/v2\/posts"}],"about":[{"href":"https:\/\/sertv.gob.pa\/crisolfm\/wp-json\/wp\/v2\/types\/post"}],"author":[{"embeddable":true,"href":"https:\/\/sertv.gob.pa\/crisolfm\/wp-json\/wp\/v2\/users\/64"}],"replies":[{"embeddable":true,"href":"https:\/\/sertv.gob.pa\/crisolfm\/wp-json\/wp\/v2\/comments?post=16548"}],"version-history":[{"count":1,"href":"https:\/\/sertv.gob.pa\/crisolfm\/wp-json\/wp\/v2\/posts\/16548\/revisions"}],"predecessor-version":[{"id":16551,"href":"https:\/\/sertv.gob.pa\/crisolfm\/wp-json\/wp\/v2\/posts\/16548\/revisions\/16551"}],"wp:featuredmedia":[{"embeddable":true,"href":"https:\/\/sertv.gob.pa\/crisolfm\/wp-json\/wp\/v2\/media\/16550"}],"wp:attachment":[{"href":"https:\/\/sertv.gob.pa\/crisolfm\/wp-json\/wp\/v2\/media?parent=16548"}],"wp:term":[{"taxonomy":"category","embeddable":true,"href":"https:\/\/sertv.gob.pa\/crisolfm\/wp-json\/wp\/v2\/categories?post=16548"},{"taxonomy":"post_tag","embeddable":true,"href":"https:\/\/sertv.gob.pa\/crisolfm\/wp-json\/wp\/v2\/tags?post=16548"}],"curies":[{"name":"wp","href":"https:\/\/api.w.org\/{rel}","templated":true}]}}