{"id":16552,"date":"2019-01-27T14:52:01","date_gmt":"2019-01-27T14:52:01","guid":{"rendered":"https:\/\/sertv.gob.pa\/crisolfm\/?p=16552"},"modified":"2019-01-27T14:52:01","modified_gmt":"2019-01-27T14:52:01","slug":"cambio-climatico-amenaza-a-mas-de-la-mitad-de-especies-de-cafe-silvestre","status":"publish","type":"post","link":"https:\/\/sertv.gob.pa\/crisolfm\/cambio-climatico-amenaza-a-mas-de-la-mitad-de-especies-de-cafe-silvestre\/","title":{"rendered":"Cambio clim\u00e1tico amenaza a m\u00e1s de la mitad de especies de caf\u00e9 silvestre"},"content":{"rendered":"<p><strong><span style=\"background: #99CC00\">El 60% de las especies de caf\u00e9 silvestre del mundo est\u00e1n en peligro de extinci\u00f3n a causa del cambio clim\u00e1tico, la deforestaci\u00f3n y el aumento de los hongos pat\u00f3genos y las plagas,<\/span><\/strong> seg\u00fan revel\u00f3 una investigaci\u00f3n del Real Jard\u00edn Bot\u00e1nico de Kew de Londres. <strong><span style=\"background: #99CC00\">Una de las variedades que se ver\u00e1 m\u00e1s afectada como consecuencia del calentamiento global ser\u00e1 el caf\u00e9 Ar\u00e1bica, el m\u00e1s comercializado del mundo,<\/span><\/strong> que ya ha ingresado como una <strong><a href=\"https:\/\/www.informador.mx\/plantas-t1301\" target=\"_blank\" rel=\"noopener\">especie en riesgo de desaparecer<\/a><\/strong> en la Lista Roja de Especies Amenazadas de la Uni\u00f3n Internacional para la Conservaci\u00f3n de la Naturaleza (UICN).<\/p>\n<p>Los resultados basados en m\u00e1s de dos d\u00e9cadas de investigaci\u00f3n muestran la preocupaci\u00f3n existente a nivel mundial en el sector y demuestran que las medidas de conservaci\u00f3n de las especies de caf\u00e9 silvestre actuales son inadecuadas para garantizar su futuro a largo plazo. El estudio publicado en las revistas de investigaci\u00f3n \u00abScience Advances\u00bb y \u00abGlobal Change Biology\u00bb pone de manifiesto <strong><span style=\"background: #99CC00\">la necesidad de comprender el riesgo de extinci\u00f3n de esta especie para implementar pol\u00edticas apropiadas y eficaces como la migraci\u00f3n asistida, la conservaci\u00f3n o la regeneraci\u00f3n de los bosques.<\/span><\/strong><\/p>\n<p class=\"contenido\">EFE<\/p>\n","protected":false},"excerpt":{"rendered":"<p>El 60% de las especies de caf\u00e9 silvestre del mundo <a href=\"https:\/\/sertv.gob.pa\/crisolfm\/cambio-climatico-amenaza-a-mas-de-la-mitad-de-especies-de-cafe-silvestre\/\"> [&#8230;]<\/a><\/p>\n","protected":false},"author":64,"featured_media":16555,"comment_status":"closed","ping_status":"closed","sticky":false,"template":"","format":"standard","meta":{"footnotes":""},"categories":[7],"tags":[],"class_list":["post-16552","post","type-post","status-publish","format-standard","has-post-thumbnail","hentry","category-ecologicas"],"_links":{"self":[{"href":"https:\/\/sertv.gob.pa\/crisolfm\/wp-json\/wp\/v2\/posts\/16552","targetHints":{"allow":["GET"]}}],"collection":[{"href":"https:\/\/sertv.gob.pa\/crisolfm\/wp-json\/wp\/v2\/posts"}],"about":[{"href":"https:\/\/sertv.gob.pa\/crisolfm\/wp-json\/wp\/v2\/types\/post"}],"author":[{"embeddable":true,"href":"https:\/\/sertv.gob.pa\/crisolfm\/wp-json\/wp\/v2\/users\/64"}],"replies":[{"embeddable":true,"href":"https:\/\/sertv.gob.pa\/crisolfm\/wp-json\/wp\/v2\/comments?post=16552"}],"version-history":[{"count":1,"href":"https:\/\/sertv.gob.pa\/crisolfm\/wp-json\/wp\/v2\/posts\/16552\/revisions"}],"predecessor-version":[{"id":16556,"href":"https:\/\/sertv.gob.pa\/crisolfm\/wp-json\/wp\/v2\/posts\/16552\/revisions\/16556"}],"wp:featuredmedia":[{"embeddable":true,"href":"https:\/\/sertv.gob.pa\/crisolfm\/wp-json\/wp\/v2\/media\/16555"}],"wp:attachment":[{"href":"https:\/\/sertv.gob.pa\/crisolfm\/wp-json\/wp\/v2\/media?parent=16552"}],"wp:term":[{"taxonomy":"category","embeddable":true,"href":"https:\/\/sertv.gob.pa\/crisolfm\/wp-json\/wp\/v2\/categories?post=16552"},{"taxonomy":"post_tag","embeddable":true,"href":"https:\/\/sertv.gob.pa\/crisolfm\/wp-json\/wp\/v2\/tags?post=16552"}],"curies":[{"name":"wp","href":"https:\/\/api.w.org\/{rel}","templated":true}]}}