{"id":16568,"date":"2019-01-28T12:31:04","date_gmt":"2019-01-28T12:31:04","guid":{"rendered":"https:\/\/sertv.gob.pa\/crisolfm\/?p=16568"},"modified":"2019-01-28T12:31:04","modified_gmt":"2019-01-28T12:31:04","slug":"potente-tornado-en-cuba-deja-tres-muertos","status":"publish","type":"post","link":"https:\/\/sertv.gob.pa\/crisolfm\/potente-tornado-en-cuba-deja-tres-muertos\/","title":{"rendered":"Potente tornado en Cuba deja tres muertos"},"content":{"rendered":"<p>Un potente tornado golpe\u00f3 varios barrios de La Habana la noche del domingo causando la muerte de tres personas, hiriendo a 172 y dejando parte de la ciudad entre escombros y en la penumbra. \u00abEstamos recorriendo lugares afectados por fen\u00f3meno atmosf\u00e9rico de gran intensidad en Regla [municipio de La Habana]. Los da\u00f1os son severos, hasta el momento lamentamos la p\u00e9rdida de tres vidas humanas y se atienden 172 heridos. Varias brigadas trabajando ya en el restablecimiento\u00bb, inform\u00f3 el presidente cubano Miguel D\u00edaz-Canel.<\/p>\n<p>\u00abLa fuerza de los vientos del tornado se puede comparar con la de un hurac\u00e1n de categor\u00eda 4 o 5, aunque su impacto es m\u00e1s focalizado\u00bb, agreg\u00f3 el portal. En un recorrido por la capital de la isla, reporteros de la AFP constataron varias calles del barrio Luyan\u00f3, en el Municipio 10 de Octubre, llenas de escombros. Otros barrios afectados de la capital fueron Santos Su\u00e1rez, V\u00eda Blanca y Chib\u00e1s.<\/p>\n<p>AFP<\/p>\n","protected":false},"excerpt":{"rendered":"<p>Un potente tornado golpe\u00f3 varios barrios de La Habana la <a href=\"https:\/\/sertv.gob.pa\/crisolfm\/potente-tornado-en-cuba-deja-tres-muertos\/\"> [&#8230;]<\/a><\/p>\n","protected":false},"author":64,"featured_media":16570,"comment_status":"closed","ping_status":"closed","sticky":false,"template":"","format":"standard","meta":{"footnotes":""},"categories":[7],"tags":[],"class_list":["post-16568","post","type-post","status-publish","format-standard","has-post-thumbnail","hentry","category-ecologicas"],"_links":{"self":[{"href":"https:\/\/sertv.gob.pa\/crisolfm\/wp-json\/wp\/v2\/posts\/16568","targetHints":{"allow":["GET"]}}],"collection":[{"href":"https:\/\/sertv.gob.pa\/crisolfm\/wp-json\/wp\/v2\/posts"}],"about":[{"href":"https:\/\/sertv.gob.pa\/crisolfm\/wp-json\/wp\/v2\/types\/post"}],"author":[{"embeddable":true,"href":"https:\/\/sertv.gob.pa\/crisolfm\/wp-json\/wp\/v2\/users\/64"}],"replies":[{"embeddable":true,"href":"https:\/\/sertv.gob.pa\/crisolfm\/wp-json\/wp\/v2\/comments?post=16568"}],"version-history":[{"count":1,"href":"https:\/\/sertv.gob.pa\/crisolfm\/wp-json\/wp\/v2\/posts\/16568\/revisions"}],"predecessor-version":[{"id":16571,"href":"https:\/\/sertv.gob.pa\/crisolfm\/wp-json\/wp\/v2\/posts\/16568\/revisions\/16571"}],"wp:featuredmedia":[{"embeddable":true,"href":"https:\/\/sertv.gob.pa\/crisolfm\/wp-json\/wp\/v2\/media\/16570"}],"wp:attachment":[{"href":"https:\/\/sertv.gob.pa\/crisolfm\/wp-json\/wp\/v2\/media?parent=16568"}],"wp:term":[{"taxonomy":"category","embeddable":true,"href":"https:\/\/sertv.gob.pa\/crisolfm\/wp-json\/wp\/v2\/categories?post=16568"},{"taxonomy":"post_tag","embeddable":true,"href":"https:\/\/sertv.gob.pa\/crisolfm\/wp-json\/wp\/v2\/tags?post=16568"}],"curies":[{"name":"wp","href":"https:\/\/api.w.org\/{rel}","templated":true}]}}