{"id":16580,"date":"2019-01-28T13:14:42","date_gmt":"2019-01-28T13:14:42","guid":{"rendered":"https:\/\/sertv.gob.pa\/crisolfm\/?p=16580"},"modified":"2019-01-28T13:14:42","modified_gmt":"2019-01-28T13:14:42","slug":"mercedes-ciudad-de-uruguay-que-vibra-al-ritmo-del-jazz-y-el-graffiti","status":"publish","type":"post","link":"https:\/\/sertv.gob.pa\/crisolfm\/mercedes-ciudad-de-uruguay-que-vibra-al-ritmo-del-jazz-y-el-graffiti\/","title":{"rendered":"Mercedes, ciudad de Uruguay que vibra al ritmo del jazz y el graffiti"},"content":{"rendered":"<p>Cada enero, m\u00fasicos de jazz, cantantes y artistas pl\u00e1sticos llegados de todas partes desembarcan en la tranquila localidad uruguaya de Mercedes, 281 km al noroeste de Montevideo, para un encuentro poco convencional: el festival \u00abJazz a la calle\u00bb. \u00abEs sin duda el mejor encuentro de jazz del pa\u00eds.<\/p>\n<p>Para los m\u00fasicos se trata de la mejor cita del a\u00f1o\u00bb, dice a la AFP Cecilia Sim\u00f3n, una baterista uruguaya de 28 a\u00f1os que lleva m\u00e1s de una d\u00e9cada tocando y cuatro a\u00f1os acudiendo al festival a pasar diez d\u00edas con m\u00fasicos de todo el mundo. \u00abVienen m\u00fasicos de Brasil, Argentina y de Europa. Algunos nos hemos visto, otros no, pero no importa, nos conocemos tocando\u00bb, explica Cecilia sentada al frente de su bater\u00eda en una de las calles principales. Cada d\u00eda, cuando cae la tarde, tocan en varios puntos de esta ciudad de 40.000 habitantes, formando bandas ef\u00edmeras que se juntan para interpretar un par de temas y luego se disuelven.\u00a0 Este a\u00f1o, al mismo tiempo, se celebra un concurso de murales.<\/p>\n<p>AFP<\/p>\n<p>&nbsp;<\/p>\n","protected":false},"excerpt":{"rendered":"<p>Cada enero, m\u00fasicos de jazz, cantantes y artistas pl\u00e1sticos llegados <a href=\"https:\/\/sertv.gob.pa\/crisolfm\/mercedes-ciudad-de-uruguay-que-vibra-al-ritmo-del-jazz-y-el-graffiti\/\"> [&#8230;]<\/a><\/p>\n","protected":false},"author":64,"featured_media":16582,"comment_status":"closed","ping_status":"closed","sticky":false,"template":"","format":"standard","meta":{"footnotes":""},"categories":[6],"tags":[],"class_list":["post-16580","post","type-post","status-publish","format-standard","has-post-thumbnail","hentry","category-culturales"],"_links":{"self":[{"href":"https:\/\/sertv.gob.pa\/crisolfm\/wp-json\/wp\/v2\/posts\/16580","targetHints":{"allow":["GET"]}}],"collection":[{"href":"https:\/\/sertv.gob.pa\/crisolfm\/wp-json\/wp\/v2\/posts"}],"about":[{"href":"https:\/\/sertv.gob.pa\/crisolfm\/wp-json\/wp\/v2\/types\/post"}],"author":[{"embeddable":true,"href":"https:\/\/sertv.gob.pa\/crisolfm\/wp-json\/wp\/v2\/users\/64"}],"replies":[{"embeddable":true,"href":"https:\/\/sertv.gob.pa\/crisolfm\/wp-json\/wp\/v2\/comments?post=16580"}],"version-history":[{"count":1,"href":"https:\/\/sertv.gob.pa\/crisolfm\/wp-json\/wp\/v2\/posts\/16580\/revisions"}],"predecessor-version":[{"id":16583,"href":"https:\/\/sertv.gob.pa\/crisolfm\/wp-json\/wp\/v2\/posts\/16580\/revisions\/16583"}],"wp:featuredmedia":[{"embeddable":true,"href":"https:\/\/sertv.gob.pa\/crisolfm\/wp-json\/wp\/v2\/media\/16582"}],"wp:attachment":[{"href":"https:\/\/sertv.gob.pa\/crisolfm\/wp-json\/wp\/v2\/media?parent=16580"}],"wp:term":[{"taxonomy":"category","embeddable":true,"href":"https:\/\/sertv.gob.pa\/crisolfm\/wp-json\/wp\/v2\/categories?post=16580"},{"taxonomy":"post_tag","embeddable":true,"href":"https:\/\/sertv.gob.pa\/crisolfm\/wp-json\/wp\/v2\/tags?post=16580"}],"curies":[{"name":"wp","href":"https:\/\/api.w.org\/{rel}","templated":true}]}}