{"id":16592,"date":"2019-01-28T13:46:39","date_gmt":"2019-01-28T13:46:39","guid":{"rendered":"https:\/\/sertv.gob.pa\/crisolfm\/?p=16592"},"modified":"2019-01-28T13:46:39","modified_gmt":"2019-01-28T13:46:39","slug":"las-focas-anilladas-del-artico-amenazadas-por-la-falta-de-nieve","status":"publish","type":"post","link":"https:\/\/sertv.gob.pa\/crisolfm\/las-focas-anilladas-del-artico-amenazadas-por-la-falta-de-nieve\/","title":{"rendered":"Las focas anilladas del \u00c1rtico amenazadas por la falta de nieve"},"content":{"rendered":"<p><strong>Las focas anilladas<\/strong> (Phoca hispida) no est\u00e1n especialmente en peligro en el \u00c1rtico. Seg\u00fan la Uni\u00f3n Internacional para la Conservaci\u00f3n de la Naturaleza (UICN), el estado del mam\u00edfero suscita una preocupaci\u00f3n menor. Pero es posible que su suerte cambie con la disminuci\u00f3n del hielo marino, que desciende a una tasa del 12,8 % por d\u00e9cada, y sobre todo con la ausencia de nieve. Estos animales dependen del hielo marino estable para reproducirse y criar a su descendencia, pero es sobre todo la presencia de abundante nieve lo que les permite sobrevivir. <em>Las focas cavan refugios<\/em> \u2013con accesos directos tambi\u00e9n desde el agua, que se encuentra bajo la superficie\u2013 para aislarse del fr\u00edo extremo y para proteger a sus cr\u00edas de los depredadores hasta el momento del destete.<\/p>\n<p>Sin embargo, la reducci\u00f3n de la cobertura de nieve est\u00e1 obligando a estos mam\u00edferos a parir en la superficie del hielo, lo que aumenta la mortalidad de las cr\u00edas al estar m\u00e1s expuestos a osos polares, orcas, morsas, y lobos. Un equipo liderado por la Universidad de Alberta (Canad\u00e1) ha desarrollado un modelo matem\u00e1tico para predecir la futura situaci\u00f3n de las poblaciones que habitan frente al Golfo de Amundsen y la zona del Pr\u00edncipe Albert Sound en Canad\u00e1. \u201cFue sorprendente ver que en el futuro habr\u00e1 poca nieve disponible para la construcci\u00f3n de madrigueras\u201d, dice Jody Reimer, autor principal del estudio publicado en la revista Ecological Applications y candidato a PhD en la Universidad de Alberta.<\/p>\n<p>ECOticias<\/p>\n","protected":false},"excerpt":{"rendered":"<p>Las focas anilladas (Phoca hispida) no est\u00e1n especialmente en peligro <a href=\"https:\/\/sertv.gob.pa\/crisolfm\/las-focas-anilladas-del-artico-amenazadas-por-la-falta-de-nieve\/\"> [&#8230;]<\/a><\/p>\n","protected":false},"author":64,"featured_media":16595,"comment_status":"closed","ping_status":"closed","sticky":false,"template":"","format":"standard","meta":{"footnotes":""},"categories":[7],"tags":[],"class_list":["post-16592","post","type-post","status-publish","format-standard","has-post-thumbnail","hentry","category-ecologicas"],"_links":{"self":[{"href":"https:\/\/sertv.gob.pa\/crisolfm\/wp-json\/wp\/v2\/posts\/16592","targetHints":{"allow":["GET"]}}],"collection":[{"href":"https:\/\/sertv.gob.pa\/crisolfm\/wp-json\/wp\/v2\/posts"}],"about":[{"href":"https:\/\/sertv.gob.pa\/crisolfm\/wp-json\/wp\/v2\/types\/post"}],"author":[{"embeddable":true,"href":"https:\/\/sertv.gob.pa\/crisolfm\/wp-json\/wp\/v2\/users\/64"}],"replies":[{"embeddable":true,"href":"https:\/\/sertv.gob.pa\/crisolfm\/wp-json\/wp\/v2\/comments?post=16592"}],"version-history":[{"count":1,"href":"https:\/\/sertv.gob.pa\/crisolfm\/wp-json\/wp\/v2\/posts\/16592\/revisions"}],"predecessor-version":[{"id":16596,"href":"https:\/\/sertv.gob.pa\/crisolfm\/wp-json\/wp\/v2\/posts\/16592\/revisions\/16596"}],"wp:featuredmedia":[{"embeddable":true,"href":"https:\/\/sertv.gob.pa\/crisolfm\/wp-json\/wp\/v2\/media\/16595"}],"wp:attachment":[{"href":"https:\/\/sertv.gob.pa\/crisolfm\/wp-json\/wp\/v2\/media?parent=16592"}],"wp:term":[{"taxonomy":"category","embeddable":true,"href":"https:\/\/sertv.gob.pa\/crisolfm\/wp-json\/wp\/v2\/categories?post=16592"},{"taxonomy":"post_tag","embeddable":true,"href":"https:\/\/sertv.gob.pa\/crisolfm\/wp-json\/wp\/v2\/tags?post=16592"}],"curies":[{"name":"wp","href":"https:\/\/api.w.org\/{rel}","templated":true}]}}