{"id":16617,"date":"2019-01-29T12:20:49","date_gmt":"2019-01-29T12:20:49","guid":{"rendered":"https:\/\/sertv.gob.pa\/crisolfm\/?p=16617"},"modified":"2019-01-29T12:20:49","modified_gmt":"2019-01-29T12:20:49","slug":"muerte-de-peces-en-amador-se-debio-a-la-marea-roja","status":"publish","type":"post","link":"https:\/\/sertv.gob.pa\/crisolfm\/muerte-de-peces-en-amador-se-debio-a-la-marea-roja\/","title":{"rendered":"Muerte de peces en Amador se debi\u00f3 a la &#8216;marea roja&#8217;"},"content":{"rendered":"<p>El ministro de Ambiente, Emilio Sempris, dio a conocer que la muerte de miles de peces en la zona de Amador no se debi\u00f3 al envenenamiento por alg\u00fan tipo de qu\u00edmico vertido al mar. \u00a0Agreg\u00f3 que ello se debi\u00f3 al fen\u00f3meno conocido como \u00abmarea roja\u00bb, que se presenta en estos momentos en el litoral pac\u00edfico centroamericano.<\/p>\n<p>\u00abEste fen\u00f3meno natural sucedce cuando afloran microalgas marinas que disminuyen el contenido de ox\u00edgeno y generan la muerte de peces\u00bb, destac\u00f3 el ministro en un comunicado. Seg\u00fan \u00a0Miambiente, este fen\u00f3meno igualmente se registr\u00f3 en otros pa\u00edses de la regi\u00f3n centroamericana.<\/p>\n<p>&nbsp;<\/p>\n<p>&nbsp;<\/p>\n<p>&nbsp;<\/p>\n","protected":false},"excerpt":{"rendered":"<p>El ministro de Ambiente, Emilio Sempris, dio a conocer que <a href=\"https:\/\/sertv.gob.pa\/crisolfm\/muerte-de-peces-en-amador-se-debio-a-la-marea-roja\/\"> [&#8230;]<\/a><\/p>\n","protected":false},"author":64,"featured_media":16619,"comment_status":"closed","ping_status":"closed","sticky":false,"template":"","format":"standard","meta":{"footnotes":""},"categories":[7],"tags":[],"class_list":["post-16617","post","type-post","status-publish","format-standard","has-post-thumbnail","hentry","category-ecologicas"],"_links":{"self":[{"href":"https:\/\/sertv.gob.pa\/crisolfm\/wp-json\/wp\/v2\/posts\/16617","targetHints":{"allow":["GET"]}}],"collection":[{"href":"https:\/\/sertv.gob.pa\/crisolfm\/wp-json\/wp\/v2\/posts"}],"about":[{"href":"https:\/\/sertv.gob.pa\/crisolfm\/wp-json\/wp\/v2\/types\/post"}],"author":[{"embeddable":true,"href":"https:\/\/sertv.gob.pa\/crisolfm\/wp-json\/wp\/v2\/users\/64"}],"replies":[{"embeddable":true,"href":"https:\/\/sertv.gob.pa\/crisolfm\/wp-json\/wp\/v2\/comments?post=16617"}],"version-history":[{"count":1,"href":"https:\/\/sertv.gob.pa\/crisolfm\/wp-json\/wp\/v2\/posts\/16617\/revisions"}],"predecessor-version":[{"id":16620,"href":"https:\/\/sertv.gob.pa\/crisolfm\/wp-json\/wp\/v2\/posts\/16617\/revisions\/16620"}],"wp:featuredmedia":[{"embeddable":true,"href":"https:\/\/sertv.gob.pa\/crisolfm\/wp-json\/wp\/v2\/media\/16619"}],"wp:attachment":[{"href":"https:\/\/sertv.gob.pa\/crisolfm\/wp-json\/wp\/v2\/media?parent=16617"}],"wp:term":[{"taxonomy":"category","embeddable":true,"href":"https:\/\/sertv.gob.pa\/crisolfm\/wp-json\/wp\/v2\/categories?post=16617"},{"taxonomy":"post_tag","embeddable":true,"href":"https:\/\/sertv.gob.pa\/crisolfm\/wp-json\/wp\/v2\/tags?post=16617"}],"curies":[{"name":"wp","href":"https:\/\/api.w.org\/{rel}","templated":true}]}}