{"id":16629,"date":"2019-01-29T13:09:32","date_gmt":"2019-01-29T13:09:32","guid":{"rendered":"https:\/\/sertv.gob.pa\/crisolfm\/?p=16629"},"modified":"2019-01-29T13:09:32","modified_gmt":"2019-01-29T13:09:32","slug":"papa-manifesto-estar-a-favor-de-la-educacion-sexual","status":"publish","type":"post","link":"https:\/\/sertv.gob.pa\/crisolfm\/papa-manifesto-estar-a-favor-de-la-educacion-sexual\/","title":{"rendered":"Papa manifest\u00f3 estar a favor de la educaci\u00f3n sexual"},"content":{"rendered":"<p>Durante el viaje de regreso a Roma, el Santo Padre dijo que est\u00e1 a favor de la educaci\u00f3n sexual en las escuelas. \u201cEl sexo es un don de Dios, no es el cuco es el don de Dios para amar. Que algunos lo utilicen para ganar plata o explotar a otros, es otro problema. Pero hay que dar educaci\u00f3n sexual, objetiva, tal y como es\u00bb, explic\u00f3 el Pont\u00edfice.<\/p>\n<p>Hizo \u00e9nfasis en que es importante seleccionar bien a las personas que educar\u00e1n sobre ese tema a los alumnos. Aunque, para \u00e9l, esta ense\u00f1anza deber\u00eda iniciar en el hogar.<\/p>\n<p>&nbsp;<\/p>\n<p>&nbsp;<\/p>\n","protected":false},"excerpt":{"rendered":"<p>Durante el viaje de regreso a Roma, el Santo Padre <a href=\"https:\/\/sertv.gob.pa\/crisolfm\/papa-manifesto-estar-a-favor-de-la-educacion-sexual\/\"> [&#8230;]<\/a><\/p>\n","protected":false},"author":64,"featured_media":16631,"comment_status":"closed","ping_status":"closed","sticky":false,"template":"","format":"standard","meta":{"footnotes":""},"categories":[6],"tags":[],"class_list":["post-16629","post","type-post","status-publish","format-standard","has-post-thumbnail","hentry","category-culturales"],"_links":{"self":[{"href":"https:\/\/sertv.gob.pa\/crisolfm\/wp-json\/wp\/v2\/posts\/16629","targetHints":{"allow":["GET"]}}],"collection":[{"href":"https:\/\/sertv.gob.pa\/crisolfm\/wp-json\/wp\/v2\/posts"}],"about":[{"href":"https:\/\/sertv.gob.pa\/crisolfm\/wp-json\/wp\/v2\/types\/post"}],"author":[{"embeddable":true,"href":"https:\/\/sertv.gob.pa\/crisolfm\/wp-json\/wp\/v2\/users\/64"}],"replies":[{"embeddable":true,"href":"https:\/\/sertv.gob.pa\/crisolfm\/wp-json\/wp\/v2\/comments?post=16629"}],"version-history":[{"count":1,"href":"https:\/\/sertv.gob.pa\/crisolfm\/wp-json\/wp\/v2\/posts\/16629\/revisions"}],"predecessor-version":[{"id":16632,"href":"https:\/\/sertv.gob.pa\/crisolfm\/wp-json\/wp\/v2\/posts\/16629\/revisions\/16632"}],"wp:featuredmedia":[{"embeddable":true,"href":"https:\/\/sertv.gob.pa\/crisolfm\/wp-json\/wp\/v2\/media\/16631"}],"wp:attachment":[{"href":"https:\/\/sertv.gob.pa\/crisolfm\/wp-json\/wp\/v2\/media?parent=16629"}],"wp:term":[{"taxonomy":"category","embeddable":true,"href":"https:\/\/sertv.gob.pa\/crisolfm\/wp-json\/wp\/v2\/categories?post=16629"},{"taxonomy":"post_tag","embeddable":true,"href":"https:\/\/sertv.gob.pa\/crisolfm\/wp-json\/wp\/v2\/tags?post=16629"}],"curies":[{"name":"wp","href":"https:\/\/api.w.org\/{rel}","templated":true}]}}