{"id":16659,"date":"2019-01-29T14:13:54","date_gmt":"2019-01-29T14:13:54","guid":{"rendered":"https:\/\/sertv.gob.pa\/crisolfm\/?p=16659"},"modified":"2019-01-29T14:13:54","modified_gmt":"2019-01-29T14:13:54","slug":"aena-reconocida-por-su-compromiso-contra-el-cambio-climatico","status":"publish","type":"post","link":"https:\/\/sertv.gob.pa\/crisolfm\/aena-reconocida-por-su-compromiso-contra-el-cambio-climatico\/","title":{"rendered":"AENA, reconocida por su compromiso contra el cambio clim\u00e1tico"},"content":{"rendered":"<p>Aena ha sido reconocida por su <strong>compromiso contra el cambio clim\u00e1tico<\/strong>, tras la evaluaci\u00f3n realizada por Carbon Disclosure Project (CDP) en la que se ha valorado su estrategia de cambio clim\u00e1tico y las acciones llevadas a cabo en esta materia. CDP es una organizaci\u00f3n internacional, sin \u00e1nimo de lucro, que impulsa las econom\u00edas sostenibles. Tiene como objetivo la difusi\u00f3n de informaci\u00f3n ambiental de las principales empresas, para facilitar decisiones de<em> inversi\u00f3n que incorporan el cambio clim\u00e1tico<\/em> como un factor estrat\u00e9gico. A trav\u00e9s de una encuesta anual a las mayores empresas de todo el mundo, CDP recopila informaci\u00f3n sobre <strong>los riesgos clim\u00e1ticos<\/strong> y oportunidades de bajas emisiones de carbono relativos al cambio clim\u00e1tico. Entre estas empresas se encuentra Aena, que ha visto reconocidos sus esfuerzos en esta materia con una calificaci\u00f3n B, por encima de la media europea y de su sector.<\/p>\n<p>El Carbon Disclosure Project establece una valoraci\u00f3n que va desde el nivel m\u00e1ximo A al m\u00ednimo D, el cual es comparable entre las empresas de una misma regi\u00f3n o sector. As\u00ed, Aena se\u00f1ala que mantiene su calificaci\u00f3n del a\u00f1o pasado, pese a que las exigencias del reporte de este a\u00f1o se han visto incrementadas por la organizaci\u00f3n, penalizando a algunas empresas con el descenso de puntuaci\u00f3n a categor\u00edas inferiores. Este resultado pone en valor la estrategia adoptada en relaci\u00f3n a <strong>la lucha contra el cambio clim\u00e1tico de Aena<\/strong>, dise\u00f1ada con el objetivo de reducir emisiones, mitigar los riesgos en el uso de energ\u00eda y recursos naturales y desarrollar una econom\u00eda baja en carbono, aprovechando las oportunidades que conlleva la transici\u00f3n hacia una econom\u00eda sostenible, seg\u00fan subraya la compa\u00f1\u00eda.<\/p>\n<p>ECOticias<\/p>\n","protected":false},"excerpt":{"rendered":"<p>Aena ha sido reconocida por su compromiso contra el cambio <a href=\"https:\/\/sertv.gob.pa\/crisolfm\/aena-reconocida-por-su-compromiso-contra-el-cambio-climatico\/\"> [&#8230;]<\/a><\/p>\n","protected":false},"author":64,"featured_media":16661,"comment_status":"closed","ping_status":"closed","sticky":false,"template":"","format":"standard","meta":{"footnotes":""},"categories":[7],"tags":[],"class_list":["post-16659","post","type-post","status-publish","format-standard","has-post-thumbnail","hentry","category-ecologicas"],"_links":{"self":[{"href":"https:\/\/sertv.gob.pa\/crisolfm\/wp-json\/wp\/v2\/posts\/16659","targetHints":{"allow":["GET"]}}],"collection":[{"href":"https:\/\/sertv.gob.pa\/crisolfm\/wp-json\/wp\/v2\/posts"}],"about":[{"href":"https:\/\/sertv.gob.pa\/crisolfm\/wp-json\/wp\/v2\/types\/post"}],"author":[{"embeddable":true,"href":"https:\/\/sertv.gob.pa\/crisolfm\/wp-json\/wp\/v2\/users\/64"}],"replies":[{"embeddable":true,"href":"https:\/\/sertv.gob.pa\/crisolfm\/wp-json\/wp\/v2\/comments?post=16659"}],"version-history":[{"count":1,"href":"https:\/\/sertv.gob.pa\/crisolfm\/wp-json\/wp\/v2\/posts\/16659\/revisions"}],"predecessor-version":[{"id":16662,"href":"https:\/\/sertv.gob.pa\/crisolfm\/wp-json\/wp\/v2\/posts\/16659\/revisions\/16662"}],"wp:featuredmedia":[{"embeddable":true,"href":"https:\/\/sertv.gob.pa\/crisolfm\/wp-json\/wp\/v2\/media\/16661"}],"wp:attachment":[{"href":"https:\/\/sertv.gob.pa\/crisolfm\/wp-json\/wp\/v2\/media?parent=16659"}],"wp:term":[{"taxonomy":"category","embeddable":true,"href":"https:\/\/sertv.gob.pa\/crisolfm\/wp-json\/wp\/v2\/categories?post=16659"},{"taxonomy":"post_tag","embeddable":true,"href":"https:\/\/sertv.gob.pa\/crisolfm\/wp-json\/wp\/v2\/tags?post=16659"}],"curies":[{"name":"wp","href":"https:\/\/api.w.org\/{rel}","templated":true}]}}