{"id":16667,"date":"2019-01-29T15:24:58","date_gmt":"2019-01-29T15:24:58","guid":{"rendered":"https:\/\/sertv.gob.pa\/crisolfm\/?p=16667"},"modified":"2019-01-29T15:24:58","modified_gmt":"2019-01-29T15:24:58","slug":"sinaproc-emite-aviso-de-prevencion-por-condiciones-maritimas","status":"publish","type":"post","link":"https:\/\/sertv.gob.pa\/crisolfm\/sinaproc-emite-aviso-de-prevencion-por-condiciones-maritimas\/","title":{"rendered":"Sinaproc emite aviso de prevenci\u00f3n por condiciones mar\u00edtimas"},"content":{"rendered":"<p>Por fuertes tormentas sobre la Ant\u00e1rtida,\u00a0sector sur de Chile y Argentina, se generar\u00e1n f<strong>uerte oleajes<\/strong> sobre las c<strong>ostas de estos pa\u00edses sure\u00f1o<\/strong>s, los oleajes significativos no lograr\u00e1n cruzar las costas de Ecuador, por lo que en<strong> Panam\u00e1 se presentar\u00e1n olas con alturas 0.3 hasta 1.0 metros por retorno de corriente de vientos<\/strong>, seg\u00fan <strong>informe de Hidrometeorolog\u00eda de ETESA.<\/strong><\/p>\n<p><strong>No se observan condiciones adversas<\/strong>, pero se <strong>recomienda: <\/strong>\u2022 Visitar solo las <strong>zonas acu\u00e1ticas con presencia de guardavidas de la Fuerza de Tarea Conjunta <\/strong>\u2022 Utilizar embarcaciones seguras, evitar la sobrecarga, y colocarse los chalecos guardavidas. Esta alerta se mantiene desde hoy, 29 de enero, hasta el 5 de febrero de 2019.<\/p>\n<p>&nbsp;<\/p>\n<p>&nbsp;<\/p>\n","protected":false},"excerpt":{"rendered":"<p>Por fuertes tormentas sobre la Ant\u00e1rtida,\u00a0sector sur de Chile y <a href=\"https:\/\/sertv.gob.pa\/crisolfm\/sinaproc-emite-aviso-de-prevencion-por-condiciones-maritimas\/\"> [&#8230;]<\/a><\/p>\n","protected":false},"author":64,"featured_media":16669,"comment_status":"closed","ping_status":"closed","sticky":false,"template":"","format":"standard","meta":{"footnotes":""},"categories":[7],"tags":[],"class_list":["post-16667","post","type-post","status-publish","format-standard","has-post-thumbnail","hentry","category-ecologicas"],"_links":{"self":[{"href":"https:\/\/sertv.gob.pa\/crisolfm\/wp-json\/wp\/v2\/posts\/16667","targetHints":{"allow":["GET"]}}],"collection":[{"href":"https:\/\/sertv.gob.pa\/crisolfm\/wp-json\/wp\/v2\/posts"}],"about":[{"href":"https:\/\/sertv.gob.pa\/crisolfm\/wp-json\/wp\/v2\/types\/post"}],"author":[{"embeddable":true,"href":"https:\/\/sertv.gob.pa\/crisolfm\/wp-json\/wp\/v2\/users\/64"}],"replies":[{"embeddable":true,"href":"https:\/\/sertv.gob.pa\/crisolfm\/wp-json\/wp\/v2\/comments?post=16667"}],"version-history":[{"count":1,"href":"https:\/\/sertv.gob.pa\/crisolfm\/wp-json\/wp\/v2\/posts\/16667\/revisions"}],"predecessor-version":[{"id":16670,"href":"https:\/\/sertv.gob.pa\/crisolfm\/wp-json\/wp\/v2\/posts\/16667\/revisions\/16670"}],"wp:featuredmedia":[{"embeddable":true,"href":"https:\/\/sertv.gob.pa\/crisolfm\/wp-json\/wp\/v2\/media\/16669"}],"wp:attachment":[{"href":"https:\/\/sertv.gob.pa\/crisolfm\/wp-json\/wp\/v2\/media?parent=16667"}],"wp:term":[{"taxonomy":"category","embeddable":true,"href":"https:\/\/sertv.gob.pa\/crisolfm\/wp-json\/wp\/v2\/categories?post=16667"},{"taxonomy":"post_tag","embeddable":true,"href":"https:\/\/sertv.gob.pa\/crisolfm\/wp-json\/wp\/v2\/tags?post=16667"}],"curies":[{"name":"wp","href":"https:\/\/api.w.org\/{rel}","templated":true}]}}