{"id":16676,"date":"2019-01-30T12:19:39","date_gmt":"2019-01-30T12:19:39","guid":{"rendered":"https:\/\/sertv.gob.pa\/crisolfm\/?p=16676"},"modified":"2019-01-30T12:19:39","modified_gmt":"2019-01-30T12:19:39","slug":"greta-thunberg-adolescente-sueca-que-falta-un-dia-a-la-semana-a-la-escuela-para-protestar-contra-cambio-climatico","status":"publish","type":"post","link":"https:\/\/sertv.gob.pa\/crisolfm\/greta-thunberg-adolescente-sueca-que-falta-un-dia-a-la-semana-a-la-escuela-para-protestar-contra-cambio-climatico\/","title":{"rendered":"Greta Thunberg, adolescente sueca que falta un d\u00eda a la semana a la escuela para protestar contra cambio clim\u00e1tico"},"content":{"rendered":"<p>\u201cNo quiero que tengas esperanza, quiero que entres en p\u00e1nico. Quiero que sientas el miedo que siento todos los d\u00edas y luego quiero que act\u00faes\u00bb. La frase es de Greta Thunberg, una joven sueca de 16 a\u00f1os quien desde hace un a\u00f1o lidera un movimiento juvenil en Europa que no tiene que ver con pel\u00edculas de superh\u00e9roes ni \u00eddolos del pop. Tiene que ver con el planeta y el cambio clim\u00e1tico. Y todo comenz\u00f3 cuando dej\u00f3 de ir al colegio un d\u00eda a la semana para protestar contra el gobierno -o los gobiernos- por su accionar contra el calentamiento global.<\/p>\n<p>Esta semana, despu\u00e9s de atravesar Europa en tren y dormir en una carpa en medio de la g\u00e9lida ciudad suiza de Davos, Thunberg habl\u00f3 frente a los l\u00edderes del mundo que se re\u00fanen cada a\u00f1o en el marco del Foro Econ\u00f3mico Mundial. <strong>Nuestra casa est\u00e1 en llamas.<\/strong> Estoy ac\u00e1 para decirles que nuestro hogar est\u00e1 ardiendo\u00bb, ley\u00f3 <strong>Thunberg.<\/strong> Siguiendo su ejemplo, la semana pasada miles de estudiantes marcharon en Berl\u00edn para exigir m\u00e1s medidas para evitar el calentamiento global. En esa misma semana, 12.000 adolescentes se movilizaron en Bruselas, donde se encuentra la sede de la Uni\u00f3n Europea, para exigir lo mismo.<\/p>\n<p><em>BBC- News<\/em><\/p>\n","protected":false},"excerpt":{"rendered":"<p>\u201cNo quiero que tengas esperanza, quiero que entres en p\u00e1nico. <a href=\"https:\/\/sertv.gob.pa\/crisolfm\/greta-thunberg-adolescente-sueca-que-falta-un-dia-a-la-semana-a-la-escuela-para-protestar-contra-cambio-climatico\/\"> [&#8230;]<\/a><\/p>\n","protected":false},"author":64,"featured_media":16678,"comment_status":"closed","ping_status":"closed","sticky":false,"template":"","format":"standard","meta":{"footnotes":""},"categories":[7],"tags":[],"class_list":["post-16676","post","type-post","status-publish","format-standard","has-post-thumbnail","hentry","category-ecologicas"],"_links":{"self":[{"href":"https:\/\/sertv.gob.pa\/crisolfm\/wp-json\/wp\/v2\/posts\/16676","targetHints":{"allow":["GET"]}}],"collection":[{"href":"https:\/\/sertv.gob.pa\/crisolfm\/wp-json\/wp\/v2\/posts"}],"about":[{"href":"https:\/\/sertv.gob.pa\/crisolfm\/wp-json\/wp\/v2\/types\/post"}],"author":[{"embeddable":true,"href":"https:\/\/sertv.gob.pa\/crisolfm\/wp-json\/wp\/v2\/users\/64"}],"replies":[{"embeddable":true,"href":"https:\/\/sertv.gob.pa\/crisolfm\/wp-json\/wp\/v2\/comments?post=16676"}],"version-history":[{"count":1,"href":"https:\/\/sertv.gob.pa\/crisolfm\/wp-json\/wp\/v2\/posts\/16676\/revisions"}],"predecessor-version":[{"id":16679,"href":"https:\/\/sertv.gob.pa\/crisolfm\/wp-json\/wp\/v2\/posts\/16676\/revisions\/16679"}],"wp:featuredmedia":[{"embeddable":true,"href":"https:\/\/sertv.gob.pa\/crisolfm\/wp-json\/wp\/v2\/media\/16678"}],"wp:attachment":[{"href":"https:\/\/sertv.gob.pa\/crisolfm\/wp-json\/wp\/v2\/media?parent=16676"}],"wp:term":[{"taxonomy":"category","embeddable":true,"href":"https:\/\/sertv.gob.pa\/crisolfm\/wp-json\/wp\/v2\/categories?post=16676"},{"taxonomy":"post_tag","embeddable":true,"href":"https:\/\/sertv.gob.pa\/crisolfm\/wp-json\/wp\/v2\/tags?post=16676"}],"curies":[{"name":"wp","href":"https:\/\/api.w.org\/{rel}","templated":true}]}}