{"id":16680,"date":"2019-01-30T12:27:32","date_gmt":"2019-01-30T12:27:32","guid":{"rendered":"https:\/\/sertv.gob.pa\/crisolfm\/?p=16680"},"modified":"2019-01-30T12:27:32","modified_gmt":"2019-01-30T12:27:32","slug":"caudal-del-rio-chame-disminuye-por-rigores-de-la-estacion-seca-y-deforestacion","status":"publish","type":"post","link":"https:\/\/sertv.gob.pa\/crisolfm\/caudal-del-rio-chame-disminuye-por-rigores-de-la-estacion-seca-y-deforestacion\/","title":{"rendered":"Caudal del r\u00edo Chame disminuye por rigores de la estaci\u00f3n seca y deforestaci\u00f3n"},"content":{"rendered":"<p>El descenso que registra desde finales del 2018 el caudal del<strong> r\u00edo Chame, <\/strong>ha obligado al\u00a0<strong>Instituto de Acueducto y Alcantarillados Nacionales<\/strong> (Idaan) y productores agr\u00edcolas a levantar<strong> represas.<\/strong> A causa de los rigores con que empez\u00f3 la estaci\u00f3n seca en la provincia de<strong> Panam\u00e1 Oeste<\/strong>, el Idaan adelant\u00f3 2 meses antes la construcci\u00f3n de la represa, prevista para el 15 de enero de 2019. Alzakir Quintero, gerente de operaciones del Idaan en esta provincia, manifest\u00f3 que a la fecha el reservorio existente ha permitido operar la planta potabilizadora sin interrupciones. <strong>La sequ\u00eda causada por el fen\u00f3meno del Ni\u00f1o en el a\u00f1o 2016 oblig\u00f3 al Idaan a paralizar por periodos de 15 horas la planta potabilizadora<\/strong>.<\/p>\n<p><strong>Para los meses se febrero y marzo ser\u00e1 necesario usar carros cisternas<\/strong> para suplir el d\u00e9ficit agua que se registre al no contar con los 7 millones de galones que produce la potabilizadora. El cauce del r\u00edo Chame, asever\u00f3 C\u00e9sar Castillo del Ministerio de Ambiente (MiAmbiente), ha sufrido de un deterioro gradual debido al cambio clim\u00e1tico y deforestaci\u00f3n entre otros factores. El funcionario de Mi Ambiente advirti\u00f3 que las condiciones clim\u00e1ticas\u00a0que se registra en la provincia de Panam\u00e1 Oeste han variado con los a\u00f1os, lo cual ha ocasionado se sequen las fuentes h\u00eddricas.<strong> Las autoridades de Mi Ambiente y el Idaan exhortaron a la poblaci\u00f3n de Chame a ahorrar cada gota de agua.<\/strong><\/p>\n<p>&nbsp;<\/p>\n<p>&nbsp;<\/p>\n","protected":false},"excerpt":{"rendered":"<p>El descenso que registra desde finales del 2018 el caudal <a href=\"https:\/\/sertv.gob.pa\/crisolfm\/caudal-del-rio-chame-disminuye-por-rigores-de-la-estacion-seca-y-deforestacion\/\"> [&#8230;]<\/a><\/p>\n","protected":false},"author":64,"featured_media":16682,"comment_status":"closed","ping_status":"closed","sticky":false,"template":"","format":"standard","meta":{"footnotes":""},"categories":[7],"tags":[],"class_list":["post-16680","post","type-post","status-publish","format-standard","has-post-thumbnail","hentry","category-ecologicas"],"_links":{"self":[{"href":"https:\/\/sertv.gob.pa\/crisolfm\/wp-json\/wp\/v2\/posts\/16680","targetHints":{"allow":["GET"]}}],"collection":[{"href":"https:\/\/sertv.gob.pa\/crisolfm\/wp-json\/wp\/v2\/posts"}],"about":[{"href":"https:\/\/sertv.gob.pa\/crisolfm\/wp-json\/wp\/v2\/types\/post"}],"author":[{"embeddable":true,"href":"https:\/\/sertv.gob.pa\/crisolfm\/wp-json\/wp\/v2\/users\/64"}],"replies":[{"embeddable":true,"href":"https:\/\/sertv.gob.pa\/crisolfm\/wp-json\/wp\/v2\/comments?post=16680"}],"version-history":[{"count":1,"href":"https:\/\/sertv.gob.pa\/crisolfm\/wp-json\/wp\/v2\/posts\/16680\/revisions"}],"predecessor-version":[{"id":16683,"href":"https:\/\/sertv.gob.pa\/crisolfm\/wp-json\/wp\/v2\/posts\/16680\/revisions\/16683"}],"wp:featuredmedia":[{"embeddable":true,"href":"https:\/\/sertv.gob.pa\/crisolfm\/wp-json\/wp\/v2\/media\/16682"}],"wp:attachment":[{"href":"https:\/\/sertv.gob.pa\/crisolfm\/wp-json\/wp\/v2\/media?parent=16680"}],"wp:term":[{"taxonomy":"category","embeddable":true,"href":"https:\/\/sertv.gob.pa\/crisolfm\/wp-json\/wp\/v2\/categories?post=16680"},{"taxonomy":"post_tag","embeddable":true,"href":"https:\/\/sertv.gob.pa\/crisolfm\/wp-json\/wp\/v2\/tags?post=16680"}],"curies":[{"name":"wp","href":"https:\/\/api.w.org\/{rel}","templated":true}]}}