{"id":16684,"date":"2019-01-30T12:35:50","date_gmt":"2019-01-30T12:35:50","guid":{"rendered":"https:\/\/sertv.gob.pa\/crisolfm\/?p=16684"},"modified":"2019-01-30T12:35:50","modified_gmt":"2019-01-30T12:35:50","slug":"2019-es-proclamado-como-el-ano-de-la-tolerancia","status":"publish","type":"post","link":"https:\/\/sertv.gob.pa\/crisolfm\/2019-es-proclamado-como-el-ano-de-la-tolerancia\/","title":{"rendered":"2019 es proclamado como el \u201cA\u00f1o de la Tolerancia\u201d"},"content":{"rendered":"<p>El gobierno de los Emiratos \u00c1rabes Unidos anunci\u00f3 que el 2019 ser\u00e1 oficialmente proclamado el A\u00f1o de la Tolerancia para fortalecer el rol de la naci\u00f3n de alentar la estabilidad y la prosperidad en la regi\u00f3n. Los l\u00edderes utilizaron las redes sociales para anunciar la transici\u00f3n, tras el A\u00f1o de Zayed en 2018 y el A\u00f1o de las Donaciones en 2017. La publicaci\u00f3n se produjo d\u00edas despu\u00e9s de que se revel\u00f3 que el papa Francisco visitar\u00e1 Abu Dhabi en febrero, una se\u00f1al de que en \u2018los Emiratos \u00c1rabes Unidos son bienvenidos y tolerantes con todas las religiones&#8217;, as\u00ed lo ratific\u00f3 su embajada de los Emiratos \u00c1rabes Unidos<\/p>\n<p>En una cumbre Mundial de la Tolerancia en Dub\u00e1i, que atrajo a l\u00edderes regionales y figuras nacionales, el presidente de la regi\u00f3n, el jeque Khalifa bin Zayed Al Nahyan, declar\u00f3 el 2019 como A\u00f1o de Tolerancia, destacando a los Emiratos \u00c1rabes Unidos como una capital global para la aceptaci\u00f3n a trav\u00e9s de sus objetivos legislativos y pol\u00edticos. \u2018Inculcar valores de tolerancia, contin\u00faa el legado y las ense\u00f1anzas del jeque Zayed&#8217; dijo el presidente, el jeque Khalifa bin Zayed Al Nahyan. \u2018Es uno de los atributos m\u00e1s importantes que podemos impactar en nuestra gente y en la comunidad global para garantizar la seguridad, la estabilidad y la felicidad de las personas en todo el mundo&#8217;, enfatiz\u00f3.<\/p>\n<p>&nbsp;<\/p>\n","protected":false},"excerpt":{"rendered":"<p>El gobierno de los Emiratos \u00c1rabes Unidos anunci\u00f3 que el <a href=\"https:\/\/sertv.gob.pa\/crisolfm\/2019-es-proclamado-como-el-ano-de-la-tolerancia\/\"> [&#8230;]<\/a><\/p>\n","protected":false},"author":64,"featured_media":16686,"comment_status":"closed","ping_status":"closed","sticky":false,"template":"","format":"standard","meta":{"footnotes":""},"categories":[6],"tags":[],"class_list":["post-16684","post","type-post","status-publish","format-standard","has-post-thumbnail","hentry","category-culturales"],"_links":{"self":[{"href":"https:\/\/sertv.gob.pa\/crisolfm\/wp-json\/wp\/v2\/posts\/16684","targetHints":{"allow":["GET"]}}],"collection":[{"href":"https:\/\/sertv.gob.pa\/crisolfm\/wp-json\/wp\/v2\/posts"}],"about":[{"href":"https:\/\/sertv.gob.pa\/crisolfm\/wp-json\/wp\/v2\/types\/post"}],"author":[{"embeddable":true,"href":"https:\/\/sertv.gob.pa\/crisolfm\/wp-json\/wp\/v2\/users\/64"}],"replies":[{"embeddable":true,"href":"https:\/\/sertv.gob.pa\/crisolfm\/wp-json\/wp\/v2\/comments?post=16684"}],"version-history":[{"count":1,"href":"https:\/\/sertv.gob.pa\/crisolfm\/wp-json\/wp\/v2\/posts\/16684\/revisions"}],"predecessor-version":[{"id":16687,"href":"https:\/\/sertv.gob.pa\/crisolfm\/wp-json\/wp\/v2\/posts\/16684\/revisions\/16687"}],"wp:featuredmedia":[{"embeddable":true,"href":"https:\/\/sertv.gob.pa\/crisolfm\/wp-json\/wp\/v2\/media\/16686"}],"wp:attachment":[{"href":"https:\/\/sertv.gob.pa\/crisolfm\/wp-json\/wp\/v2\/media?parent=16684"}],"wp:term":[{"taxonomy":"category","embeddable":true,"href":"https:\/\/sertv.gob.pa\/crisolfm\/wp-json\/wp\/v2\/categories?post=16684"},{"taxonomy":"post_tag","embeddable":true,"href":"https:\/\/sertv.gob.pa\/crisolfm\/wp-json\/wp\/v2\/tags?post=16684"}],"curies":[{"name":"wp","href":"https:\/\/api.w.org\/{rel}","templated":true}]}}