{"id":16711,"date":"2019-01-30T14:14:35","date_gmt":"2019-01-30T14:14:35","guid":{"rendered":"https:\/\/sertv.gob.pa\/crisolfm\/?p=16711"},"modified":"2019-01-30T14:14:35","modified_gmt":"2019-01-30T14:14:35","slug":"el-rey-de-espana-visita-irak-por-primera-vez-en-40-anos","status":"publish","type":"post","link":"https:\/\/sertv.gob.pa\/crisolfm\/el-rey-de-espana-visita-irak-por-primera-vez-en-40-anos\/","title":{"rendered":"El rey de Espa\u00f1a visita Irak por primera vez en 40 a\u00f1os"},"content":{"rendered":"<p>El rey Felipe VI lleg\u00f3 este mi\u00e9rcoles a Irak, en la primera visita al pa\u00eds de un monarca espa\u00f1ol en cuatro d\u00e9cadas, indic\u00f3 a la AFP una fuente diplom\u00e1tica. Felipe VI se reuni\u00f3 con las fuerzas especiales espa\u00f1olas desplegadas en Irak y con el presidente iraqu\u00ed Barham Saleh, cuyo pa\u00eds asegura haber derrotado al grupo Estado Isl\u00e1mico (EI), pero donde las tropas iraqu\u00edes y de la coalici\u00f3n internacional contin\u00faan las operaciones antiyihadistas.<\/p>\n<p>En 2003, Espa\u00f1a particip\u00f3 junto a Estados Unidos en la invasi\u00f3n que derroc\u00f3 al dictador Sadam Husein. Actualmente instructores militares extranjeros, entre ellos cientos de espa\u00f1oles, siguen en el pa\u00eds en apoyo a las tropas iraqu\u00edes a las que ayudaron a expulsar al EI de las ciudades. Numerosos dirigentes extranjeros visitaron Irak desde el comienzo del a\u00f1o, incluidos el presidente estadounidense Donald Trump y el rey Abdal\u00e1 II de Jordania.<\/p>\n<p>AFP<\/p>\n","protected":false},"excerpt":{"rendered":"<p>El rey Felipe VI lleg\u00f3 este mi\u00e9rcoles a Irak, en <a href=\"https:\/\/sertv.gob.pa\/crisolfm\/el-rey-de-espana-visita-irak-por-primera-vez-en-40-anos\/\"> [&#8230;]<\/a><\/p>\n","protected":false},"author":64,"featured_media":16714,"comment_status":"closed","ping_status":"closed","sticky":false,"template":"","format":"standard","meta":{"footnotes":""},"categories":[6],"tags":[],"class_list":["post-16711","post","type-post","status-publish","format-standard","has-post-thumbnail","hentry","category-culturales"],"_links":{"self":[{"href":"https:\/\/sertv.gob.pa\/crisolfm\/wp-json\/wp\/v2\/posts\/16711","targetHints":{"allow":["GET"]}}],"collection":[{"href":"https:\/\/sertv.gob.pa\/crisolfm\/wp-json\/wp\/v2\/posts"}],"about":[{"href":"https:\/\/sertv.gob.pa\/crisolfm\/wp-json\/wp\/v2\/types\/post"}],"author":[{"embeddable":true,"href":"https:\/\/sertv.gob.pa\/crisolfm\/wp-json\/wp\/v2\/users\/64"}],"replies":[{"embeddable":true,"href":"https:\/\/sertv.gob.pa\/crisolfm\/wp-json\/wp\/v2\/comments?post=16711"}],"version-history":[{"count":1,"href":"https:\/\/sertv.gob.pa\/crisolfm\/wp-json\/wp\/v2\/posts\/16711\/revisions"}],"predecessor-version":[{"id":16715,"href":"https:\/\/sertv.gob.pa\/crisolfm\/wp-json\/wp\/v2\/posts\/16711\/revisions\/16715"}],"wp:featuredmedia":[{"embeddable":true,"href":"https:\/\/sertv.gob.pa\/crisolfm\/wp-json\/wp\/v2\/media\/16714"}],"wp:attachment":[{"href":"https:\/\/sertv.gob.pa\/crisolfm\/wp-json\/wp\/v2\/media?parent=16711"}],"wp:term":[{"taxonomy":"category","embeddable":true,"href":"https:\/\/sertv.gob.pa\/crisolfm\/wp-json\/wp\/v2\/categories?post=16711"},{"taxonomy":"post_tag","embeddable":true,"href":"https:\/\/sertv.gob.pa\/crisolfm\/wp-json\/wp\/v2\/tags?post=16711"}],"curies":[{"name":"wp","href":"https:\/\/api.w.org\/{rel}","templated":true}]}}