{"id":16729,"date":"2019-01-30T16:48:39","date_gmt":"2019-01-30T16:48:39","guid":{"rendered":"https:\/\/sertv.gob.pa\/crisolfm\/?p=16729"},"modified":"2019-01-30T16:48:39","modified_gmt":"2019-01-30T16:48:39","slug":"mas-1000-incendios-de-masa-vegetal-a-nivel-nacional","status":"publish","type":"post","link":"https:\/\/sertv.gob.pa\/crisolfm\/mas-1000-incendios-de-masa-vegetal-a-nivel-nacional\/","title":{"rendered":"M\u00e1s 1,000 incendios de masa vegetal a nivel nacional"},"content":{"rendered":"<p>Los<strong> incendios de masa vegetal<\/strong> son el <strong>dolor de cabeza de los \u00abcamisas rojas<\/strong>\u00bb durante <strong>la temporada de verano<\/strong>.\u00a0 El <strong>coronel Jaime Villar, director general del Cuerpo de Bomberos de Panam<\/strong>\u00e1, revel\u00f3 que a nivel nacional s<strong>e han atendido m\u00e1s de 1,021 incendios<\/strong> de este tipo <strong>en los primeros d\u00edas del 2019.<\/strong> Las provincias d<strong>e Panam\u00e1, Cocl\u00e9, Panam\u00e1 Oeste y Chiriqu\u00ed ocupan las primeras posiciones en incendios de masa vegetal.<\/strong><\/p>\n<p>El coronel <strong>Villar inst\u00f3 a la poblaci\u00f3n a no efectuar quemas de basura o tirar colillas de cigarrillos en herbazales,<\/strong> sumado a las altas te<strong>mperaturas que se registran en el pa\u00eds durante el verano.<\/strong> Advirti\u00f3 <strong>para las quemas en terreno con fines de agricultur<\/strong>a se debe solicitar<strong> un permiso al Ministerio de Ambiente y a los bomberos.<\/strong> El jefe de los \u00abcamisas rojas\u00bb inst\u00f3 a<strong> conservar la naturale<\/strong>za, ya que estas <strong>quemas indiscriminadas est\u00e1n afectado al medio ambiente<\/strong> y emanando<strong> humo t\u00f3xico que afecta la salud de las personas.<\/strong><\/p>\n<p>&nbsp;<\/p>\n","protected":false},"excerpt":{"rendered":"<p>Los incendios de masa vegetal son el dolor de cabeza <a href=\"https:\/\/sertv.gob.pa\/crisolfm\/mas-1000-incendios-de-masa-vegetal-a-nivel-nacional\/\"> [&#8230;]<\/a><\/p>\n","protected":false},"author":64,"featured_media":16731,"comment_status":"closed","ping_status":"closed","sticky":false,"template":"","format":"standard","meta":{"footnotes":""},"categories":[7],"tags":[],"class_list":["post-16729","post","type-post","status-publish","format-standard","has-post-thumbnail","hentry","category-ecologicas"],"_links":{"self":[{"href":"https:\/\/sertv.gob.pa\/crisolfm\/wp-json\/wp\/v2\/posts\/16729","targetHints":{"allow":["GET"]}}],"collection":[{"href":"https:\/\/sertv.gob.pa\/crisolfm\/wp-json\/wp\/v2\/posts"}],"about":[{"href":"https:\/\/sertv.gob.pa\/crisolfm\/wp-json\/wp\/v2\/types\/post"}],"author":[{"embeddable":true,"href":"https:\/\/sertv.gob.pa\/crisolfm\/wp-json\/wp\/v2\/users\/64"}],"replies":[{"embeddable":true,"href":"https:\/\/sertv.gob.pa\/crisolfm\/wp-json\/wp\/v2\/comments?post=16729"}],"version-history":[{"count":1,"href":"https:\/\/sertv.gob.pa\/crisolfm\/wp-json\/wp\/v2\/posts\/16729\/revisions"}],"predecessor-version":[{"id":16732,"href":"https:\/\/sertv.gob.pa\/crisolfm\/wp-json\/wp\/v2\/posts\/16729\/revisions\/16732"}],"wp:featuredmedia":[{"embeddable":true,"href":"https:\/\/sertv.gob.pa\/crisolfm\/wp-json\/wp\/v2\/media\/16731"}],"wp:attachment":[{"href":"https:\/\/sertv.gob.pa\/crisolfm\/wp-json\/wp\/v2\/media?parent=16729"}],"wp:term":[{"taxonomy":"category","embeddable":true,"href":"https:\/\/sertv.gob.pa\/crisolfm\/wp-json\/wp\/v2\/categories?post=16729"},{"taxonomy":"post_tag","embeddable":true,"href":"https:\/\/sertv.gob.pa\/crisolfm\/wp-json\/wp\/v2\/tags?post=16729"}],"curies":[{"name":"wp","href":"https:\/\/api.w.org\/{rel}","templated":true}]}}